{"id":343193,"date":"2015-12-18T09:34:09","date_gmt":"2015-12-18T15:34:09","guid":{"rendered":"http:\/\/futboltotal.com.mx\/?p=343193"},"modified":"2015-12-18T12:56:42","modified_gmt":"2015-12-18T18:56:42","slug":"oficial-marco-fabian-nuevo-jugador-del-eintracht-frankfurt","status":"publish","type":"post","link":"http:\/\/desarrollo.grupomedios.com\/futbol\/destacado-home\/oficial-marco-fabian-nuevo-jugador-del-eintracht-frankfurt\/2015\/12","title":{"rendered":"Marco Fabi\u00e1n, nuevo jugador del Eintracht Frankfurt"},"content":{"rendered":"<p>Lo que ayer se manejaba como una gran posibilidad hoy es un hecho. <strong>Marco Fabi\u00e1n<\/strong> de la Mora se va de <strong>Chivas<\/strong> para militar en el futbol europeo, concretamente con el <strong>Eintracht Frankfurt<\/strong> de Alemania.<\/p>\n<p>En semanas anteriores hab\u00eda trascendido que varios clubes en tierras teutonas segu\u00edan los pasos del mexicano. De igual forma, algunos equipos de la Mayor League Soccer (MLS) buscaban hacerse de los servicios del internacional con M\u00e9xico; pero todo ha quedado definido, y Fabi\u00e1n se va al Frankfurt, por cuatro millones de d\u00f3lares.<\/p>\n<p style=\"text-align: center;\"><strong><span style=\"color: #3366ff;\"><a style=\"color: #3366ff;\" href=\"http:\/\/futboltotal.com.mx\/2015\/12\/en-alemania-se-pelean-por-marco-fabian\/\">LEER M\u00c1S: En Alemania se pelean por Marco Fabi\u00e1n<\/a><\/span><\/strong><\/p>\n<p>La noticia la dio a conocer la cuenta oficial de las <strong>Chivas<\/strong> en <em>Twitter<\/em>, donde, adem\u00e1s de hacer p\u00fablica la informaci\u00f3n del pase, le desean la mayor de las suertes en su aventura europea.<\/p>\n<blockquote class=\"twitter-tweet\" width=\"500\">\n<p lang=\"es\" dir=\"ltr\">Oficial: <a href=\"https:\/\/twitter.com\/MarcoFabian_10\">@MarcoFabian_10<\/a> continuar\u00e1 su carrera en Alemania con el Eintracht Frankfurt. \u00a1Mucho \u00e9xito, Marco! ???? ????.<\/p>\n<p>&mdash; CHIVAS (@Chivas) <a href=\"https:\/\/twitter.com\/Chivas\/status\/677866596317069312\">December 18, 2015<\/a><\/p><\/blockquote>\n<p><script async src=\"\/\/platform.twitter.com\/widgets.js\" charset=\"utf-8\"><\/script><\/p>\n<p><strong>Marco Fabi\u00e1n<\/strong>\u00a0buscar\u00e1 ayudar a su nuevo equipo a salir de los problemas de descenso en los que est\u00e1 metido, ya que el Frankfurt coquetea con perder la categor\u00eda, al ubicarse en la posici\u00f3n 15 de la tabla general, con 14 puntos, empatando con el Hannover, y superando por 1 y 2 unidades al Hoffenheim y al Stuttgart, respectivamente; estos tres \u00faltimos, inmersos en el fondo de la tabla.<\/p>\n","protected":false},"excerpt":{"rendered":"<p>La negociaci\u00f3n se realiz\u00f3 a lo largo de la madrugada<\/p>\n","protected":false},"author":20,"featured_media":343195,"comment_status":"closed","ping_status":"closed","sticky":false,"template":"","format":"standard","meta":[],"categories":[5,3839,2198,5951,5950],"tags":[70,3588,131],"_links":{"self":[{"href":"http:\/\/desarrollo.grupomedios.com\/futbol\/wp-json\/wp\/v2\/posts\/343193"}],"collection":[{"href":"http:\/\/desarrollo.grupomedios.com\/futbol\/wp-json\/wp\/v2\/posts"}],"about":[{"href":"http:\/\/desarrollo.grupomedios.com\/futbol\/wp-json\/wp\/v2\/types\/post"}],"author":[{"embeddable":true,"href":"http:\/\/desarrollo.grupomedios.com\/futbol\/wp-json\/wp\/v2\/users\/20"}],"replies":[{"embeddable":true,"href":"http:\/\/desarrollo.grupomedios.com\/futbol\/wp-json\/wp\/v2\/comments?post=343193"}],"version-history":[{"count":0,"href":"http:\/\/desarrollo.grupomedios.com\/futbol\/wp-json\/wp\/v2\/posts\/343193\/revisions"}],"wp:featuredmedia":[{"embeddable":true,"href":"http:\/\/desarrollo.grupomedios.com\/futbol\/wp-json\/wp\/v2\/media\/343195"}],"wp:attachment":[{"href":"http:\/\/desarrollo.grupomedios.com\/futbol\/wp-json\/wp\/v2\/media?parent=343193"}],"wp:term":[{"taxonomy":"category","embeddable":true,"href":"http:\/\/desarrollo.grupomedios.com\/futbol\/wp-json\/wp\/v2\/categories?post=343193"},{"taxonomy":"post_tag","embeddable":true,"href":"http:\/\/desarrollo.grupomedios.com\/futbol\/wp-json\/wp\/v2\/tags?post=343193"}],"curies":[{"name":"wp","href":"https:\/\/api.w.org\/{rel}","templated":true}]}}