{"id":343202,"date":"2015-12-18T10:35:39","date_gmt":"2015-12-18T16:35:39","guid":{"rendered":"http:\/\/futboltotal.com.mx\/?p=343202"},"modified":"2015-12-18T10:57:22","modified_gmt":"2015-12-18T16:57:22","slug":"cero-fiestas-aconseja-vergara-a-fabian","status":"publish","type":"post","link":"http:\/\/desarrollo.grupomedios.com\/futbol\/futbol-mexicano\/cero-fiestas-aconseja-vergara-a-fabian\/2015\/12","title":{"rendered":"Cero fiestas, aconseja Vergara a Fabi\u00e1n"},"content":{"rendered":"<p>Marco <strong>Fabi\u00e1n<\/strong> ha cumpli\u00f3 su sue\u00f1o, jugar\u00e1 en Europa con el <strong>Eintracht Frankfurt<\/strong>\u00a0y en su equipo desean que haga valer su traspaso; para ello, su a\u00fan presidente, Jorge <strong>Vergara<\/strong> le dar\u00e1 un par de consejos, ya que quiere que el mexicano triunfe en su nueva aventura en el balompi\u00e9 teut\u00f3n.<\/p>\n<p>El directivo coment\u00f3, en entrevista a <em>Agenda Fox Sports,<\/em> que Fabi\u00e1n de la Mora debe de cambiar mucho en su forma de ser si es que quiere triunfar en su paso dentro del conjunto alem\u00e1n.<\/p>\n<p>&#8220;Marco debe ser disciplinado y dejar las fiestas de lado para mostrar su talento. Esto se lo pienso decir, porque es la \u00fanica forma en la que va a valer el sacrificio. Tiene que entender que es su \u00faltima llamada&#8221;, explic\u00f3.<\/p>\n<p style=\"text-align: center;\"><strong><span style=\"color: #3366ff;\"><a style=\"color: #3366ff;\" href=\"http:\/\/futboltotal.com.mx\/2015\/12\/oficial-marco-fabian-nuevo-jugador-del-eintracht-frankfurt\/\">LEER MAS: OFICIAL | Marco Fabi\u00e1n, nuevo jugador del\u00a0Eintracht Frankfurt<\/a><\/span><\/strong><\/p>\n<p>El mandam\u00e1s de las <strong>Chivas<\/strong> tambi\u00e9n dejo ver el monto oficial por el cual el delantero mexicano fue traspasado; argumentando que la cifra es menor, a lo que creen que vale.<\/p>\n<p>&#8220;Los cuatro millones no son lo mejor del mundo, para nosotros vale m\u00e1s, pero as\u00ed lo puso N\u00e9stor (ex director deportivo de las Chivas) y lo tenemos que respetar&#8221;.<\/p>\n<p>Por \u00faltimo, declar\u00f3 que, a pesar de que, tanto \u00e9l como Mat\u00edas Almeyda deseaban la continuidad de Marco <strong>Fabi\u00e1n<\/strong> en el equipo, \u00e9l tiene la promesa con sus jugadores de que, si hay alguna oportunidad de crecer en alg\u00fan otro club, los apoyar\u00eda en todo.<\/p>\n<p>&#8220;Le promet\u00ed a los jugadores que nunca les iba a parar el crecimiento, La posici\u00f3n que tiene Marco es una en la que se puede llevar muchos reflectores, si es que hace las cosas bien&#8221;, finaliz\u00f3.<\/p>\n","protected":false},"excerpt":{"rendered":"<p>El presidente del chiverio desea que Marco muestre su talento<\/p>\n","protected":false},"author":20,"featured_media":343204,"comment_status":"closed","ping_status":"closed","sticky":false,"template":"","format":"standard","meta":[],"categories":[2198,3845,5950],"tags":[70,3588,243,131],"_links":{"self":[{"href":"http:\/\/desarrollo.grupomedios.com\/futbol\/wp-json\/wp\/v2\/posts\/343202"}],"collection":[{"href":"http:\/\/desarrollo.grupomedios.com\/futbol\/wp-json\/wp\/v2\/posts"}],"about":[{"href":"http:\/\/desarrollo.grupomedios.com\/futbol\/wp-json\/wp\/v2\/types\/post"}],"author":[{"embeddable":true,"href":"http:\/\/desarrollo.grupomedios.com\/futbol\/wp-json\/wp\/v2\/users\/20"}],"replies":[{"embeddable":true,"href":"http:\/\/desarrollo.grupomedios.com\/futbol\/wp-json\/wp\/v2\/comments?post=343202"}],"version-history":[{"count":0,"href":"http:\/\/desarrollo.grupomedios.com\/futbol\/wp-json\/wp\/v2\/posts\/343202\/revisions"}],"wp:featuredmedia":[{"embeddable":true,"href":"http:\/\/desarrollo.grupomedios.com\/futbol\/wp-json\/wp\/v2\/media\/343204"}],"wp:attachment":[{"href":"http:\/\/desarrollo.grupomedios.com\/futbol\/wp-json\/wp\/v2\/media?parent=343202"}],"wp:term":[{"taxonomy":"category","embeddable":true,"href":"http:\/\/desarrollo.grupomedios.com\/futbol\/wp-json\/wp\/v2\/categories?post=343202"},{"taxonomy":"post_tag","embeddable":true,"href":"http:\/\/desarrollo.grupomedios.com\/futbol\/wp-json\/wp\/v2\/tags?post=343202"}],"curies":[{"name":"wp","href":"https:\/\/api.w.org\/{rel}","templated":true}]}}