{"id":343245,"date":"2015-12-18T13:54:51","date_gmt":"2015-12-18T19:54:51","guid":{"rendered":"http:\/\/futboltotal.com.mx\/?p=343245"},"modified":"2015-12-18T13:54:51","modified_gmt":"2015-12-18T19:54:51","slug":"brasil-seria-el-destino-de-angel-reyna","status":"publish","type":"post","link":"http:\/\/desarrollo.grupomedios.com\/futbol\/futbol-mexicano\/brasil-seria-el-destino-de-angel-reyna\/2015\/12","title":{"rendered":"Brasil ser\u00eda el destino de \u00c1ngel Reyna"},"content":{"rendered":"<p><strong>\u00c1ngel Reyna<\/strong> no encontr\u00f3 lugar en un equipo de la Liga MX durante el Draft rumbo al Clausura 2016, y al no estar considerado tampoco por Mat\u00edas Almeyda en <a href=\"http:\/\/www.futboltotal.com.mx\/equipos\/guadalajara\/\" target=\"_blank\"><strong>Chivas<\/strong><\/a>; el volante tendr\u00eda que buscar en el extranjero, donde ya se le colocaba en la MLS y ahora, en Brasil.<\/p>\n<p>Fuentes cercanas a <strong>\u00c1ngel Reyna<\/strong> rumoraron que el jugador ya estar\u00eda en pl\u00e1ticas con un equipo brasile\u00f1o, sin especificar cu\u00e1l club es con el que negociar\u00eda el volante, quien ya no tiene posibilidades de jugar en M\u00e9xico.<\/p>\n<p><strong>\u00c1ngel Reyna<\/strong> rechaz\u00f3 ofertas de Toluca y Dorados para sumarse a sus filas, e incluso, tampoco encontr\u00f3 lugar en Coras Tepic, propiedad de Grupo <strong>Chivas<\/strong>-Omnilife; por ello, se hab\u00eda especulado que el volante llegar\u00eda a la MLS; no obstante, se ha intensificado la posibilidad de que juegue en territorio amaz\u00f3nico.<\/p>\n<p>&#8220;Nadie pregunt\u00f3 por \u00e9l en el Draft&#8221;, se\u00f1al\u00f3 Jaime Ordiales, director deportivo de las <strong>Chivas<\/strong>, quien tambi\u00e9n ratific\u00f3 que la instituci\u00f3n <em>rojiblanca<\/em> le busca un lugar en el extranjero.<\/p>\n<p><span style=\"color: #ff0000;\">VIDEO: Top 5, los mejores defensas mexicanos<\/span><\/p>\n<p>[video_player]https:\/\/player.vimeo.com\/external\/149344469.hd.mp4?s=c1bfa98f1f83217e00454875b88c2c9e81eda2f4&amp;profile_id=113[\/video_player]<\/p>\n","protected":false},"excerpt":{"rendered":"<p>Al no encontrar lugar en M\u00e9xico, el territorio carioca ser\u00eda su salvaci\u00f3n<\/p>\n","protected":false},"author":20,"featured_media":343254,"comment_status":"closed","ping_status":"closed","sticky":false,"template":"","format":"standard","meta":[],"categories":[2198,3845,5950],"tags":[1659],"_links":{"self":[{"href":"http:\/\/desarrollo.grupomedios.com\/futbol\/wp-json\/wp\/v2\/posts\/343245"}],"collection":[{"href":"http:\/\/desarrollo.grupomedios.com\/futbol\/wp-json\/wp\/v2\/posts"}],"about":[{"href":"http:\/\/desarrollo.grupomedios.com\/futbol\/wp-json\/wp\/v2\/types\/post"}],"author":[{"embeddable":true,"href":"http:\/\/desarrollo.grupomedios.com\/futbol\/wp-json\/wp\/v2\/users\/20"}],"replies":[{"embeddable":true,"href":"http:\/\/desarrollo.grupomedios.com\/futbol\/wp-json\/wp\/v2\/comments?post=343245"}],"version-history":[{"count":0,"href":"http:\/\/desarrollo.grupomedios.com\/futbol\/wp-json\/wp\/v2\/posts\/343245\/revisions"}],"wp:featuredmedia":[{"embeddable":true,"href":"http:\/\/desarrollo.grupomedios.com\/futbol\/wp-json\/wp\/v2\/media\/343254"}],"wp:attachment":[{"href":"http:\/\/desarrollo.grupomedios.com\/futbol\/wp-json\/wp\/v2\/media?parent=343245"}],"wp:term":[{"taxonomy":"category","embeddable":true,"href":"http:\/\/desarrollo.grupomedios.com\/futbol\/wp-json\/wp\/v2\/categories?post=343245"},{"taxonomy":"post_tag","embeddable":true,"href":"http:\/\/desarrollo.grupomedios.com\/futbol\/wp-json\/wp\/v2\/tags?post=343245"}],"curies":[{"name":"wp","href":"https:\/\/api.w.org\/{rel}","templated":true}]}}