{"id":343319,"date":"2015-12-21T08:36:30","date_gmt":"2015-12-21T14:36:30","guid":{"rendered":"http:\/\/futboltotal.com.mx\/?p=343319"},"modified":"2015-12-20T18:26:21","modified_gmt":"2015-12-21T00:26:21","slug":"el-11-ideal-de-matias-almeyda-en-chivas","status":"publish","type":"post","link":"http:\/\/desarrollo.grupomedios.com\/futbol\/destacado-home\/el-11-ideal-de-matias-almeyda-en-chivas\/2015\/12","title":{"rendered":"El 11 ideal de Mat\u00edas Almeyda en Chivas"},"content":{"rendered":"<p>Este 21 de diciembre, <strong>Mat\u00edas Almeyda<\/strong> cumple 42 a\u00f1os de vida. El estratega lleg\u00f3 a <a href=\"http:\/\/www.futboltotal.com.mx\/equipos\/guadalajara\/\" target=\"_blank\"><strong>Chivas<\/strong><\/a> para cambiarle la cara al cuadro <em>rojiblanco<\/em> y sacarlo de sus problemas de descenso; su inicio fue bueno pero luego termin\u00f3 por dejar al <em>Reba\u00f1o Sagrado<\/em> sin liguilla.<\/p>\n<p>Es por eso que en <strong>Futbol Total<\/strong>, ante el compromiso que asumi\u00f3 el estratega con el club <em>rojiblanco<\/em>, presentamos <strong>el 11 ideal de Mat\u00edas Almeyda con Chivas<\/strong>, rumbo al Clausura 2016, considerando los recientes fichajes del equipo.<\/p>\n<p><a href=\"http:\/\/futboltotal.com.mx\/wp-content\/uploads\/2015\/12\/ONCE_IDEAL_LIGA_MX-CHIVAS-MATIAS-ALMEYDA.jpg\"><img decoding=\"async\" loading=\"lazy\" class=\"alignnone size-full wp-image-343322\" src=\"http:\/\/futboltotal.com.mx\/wp-content\/uploads\/2015\/12\/ONCE_IDEAL_LIGA_MX-CHIVAS-MATIAS-ALMEYDA.jpg\" alt=\"ONCE_IDEAL_LIGA_MX-CHIVAS-MATIAS-ALMEYDA\" srcset=\"http:\/\/desarrollo.grupomedios.com\/futbol\/wp-content\/uploads\/2015\/12\/ONCE_IDEAL_LIGA_MX-CHIVAS-MATIAS-ALMEYDA.jpg 820w, http:\/\/desarrollo.grupomedios.com\/futbol\/wp-content\/uploads\/2015\/12\/ONCE_IDEAL_LIGA_MX-CHIVAS-MATIAS-ALMEYDA-237x300.jpg 237w, http:\/\/desarrollo.grupomedios.com\/futbol\/wp-content\/uploads\/2015\/12\/ONCE_IDEAL_LIGA_MX-CHIVAS-MATIAS-ALMEYDA-811x1024.jpg 811w\" sizes=\"(max-width: 820px) 100vw, 820px\" \/><\/a><\/p>\n<p>Cabe destacar que <strong>Mat\u00edas Almeyda<\/strong> mantendr\u00eda pr\u00e1cticamente a la mayor\u00eda de los futbolistas que fueron regulares en Chivas previo al final del Apertura 2015. S\u00f3lo incorporar\u00eda a Carlos el <em>Gullit<\/em> Pe\u00f1a y Orbel\u00edn Pineda, quienes son sus refuerzos de lujo rumbo al Clausura 2016.<\/p>\n<p><strong>Mat\u00edas Almeyda<\/strong> perdi\u00f3 a <a href=\"http:\/\/futboltotal.com.mx\/2015\/12\/oficial-marco-fabian-nuevo-jugador-del-eintracht-frankfurt\/\" target=\"_blank\">Marco Fabi\u00e1n<\/a>, quien se ir\u00e1 a probar suerte en Alemania; sin embargo, cualquiera de los dos nuevos refuerzos del <em>Reba\u00f1o Sagrado<\/em>, puede cubrir bien la posici\u00f3n que ocupaba <em>Marquito<\/em> en Chivas.<\/p>\n<p style=\"text-align: center;\"><span style=\"color: #3366ff;\"><strong><a style=\"color: #3366ff;\" href=\"http:\/\/futboltotal.com.mx\/2015\/12\/la-mision-marco-fabian-en-alemania\/\" target=\"_blank\">LEER M\u00c1S: La misi\u00f3n de Marco Fabi\u00e1n en Alemania<\/a><\/strong><\/span><\/p>\n<p><span style=\"color: #ff0000;\">VIDEO: Top 5, los mejores defensas mexicanos<\/span><\/p>\n<p>[video_player]https:\/\/player.vimeo.com\/external\/149344469.hd.mp4?s=c1bfa98f1f83217e00454875b88c2c9e81eda2f4&amp;profile_id=113[\/video_player]<\/p>\n","protected":false},"excerpt":{"rendered":"<p>As\u00ed jugar\u00eda el Reba\u00f1o tras haber concretado sus fichajes<\/p>\n","protected":false},"author":20,"featured_media":343323,"comment_status":"closed","ping_status":"closed","sticky":false,"template":"","format":"standard","meta":[],"categories":[5,2198,3845],"tags":[5623,64,1420],"_links":{"self":[{"href":"http:\/\/desarrollo.grupomedios.com\/futbol\/wp-json\/wp\/v2\/posts\/343319"}],"collection":[{"href":"http:\/\/desarrollo.grupomedios.com\/futbol\/wp-json\/wp\/v2\/posts"}],"about":[{"href":"http:\/\/desarrollo.grupomedios.com\/futbol\/wp-json\/wp\/v2\/types\/post"}],"author":[{"embeddable":true,"href":"http:\/\/desarrollo.grupomedios.com\/futbol\/wp-json\/wp\/v2\/users\/20"}],"replies":[{"embeddable":true,"href":"http:\/\/desarrollo.grupomedios.com\/futbol\/wp-json\/wp\/v2\/comments?post=343319"}],"version-history":[{"count":0,"href":"http:\/\/desarrollo.grupomedios.com\/futbol\/wp-json\/wp\/v2\/posts\/343319\/revisions"}],"wp:featuredmedia":[{"embeddable":true,"href":"http:\/\/desarrollo.grupomedios.com\/futbol\/wp-json\/wp\/v2\/media\/343323"}],"wp:attachment":[{"href":"http:\/\/desarrollo.grupomedios.com\/futbol\/wp-json\/wp\/v2\/media?parent=343319"}],"wp:term":[{"taxonomy":"category","embeddable":true,"href":"http:\/\/desarrollo.grupomedios.com\/futbol\/wp-json\/wp\/v2\/categories?post=343319"},{"taxonomy":"post_tag","embeddable":true,"href":"http:\/\/desarrollo.grupomedios.com\/futbol\/wp-json\/wp\/v2\/tags?post=343319"}],"curies":[{"name":"wp","href":"https:\/\/api.w.org\/{rel}","templated":true}]}}