{"id":343379,"date":"2015-12-19T09:21:37","date_gmt":"2015-12-19T15:21:37","guid":{"rendered":"http:\/\/futboltotal.com.mx\/?p=343379"},"modified":"2015-12-19T15:10:52","modified_gmt":"2015-12-19T21:10:52","slug":"mauro-boselli-descarta-jugar-para-la-seleccion-mexicana","status":"publish","type":"post","link":"http:\/\/desarrollo.grupomedios.com\/futbol\/futbol-mexicano\/mauro-boselli-descarta-jugar-para-la-seleccion-mexicana\/2015\/12","title":{"rendered":"Boselli descarta jugar con Selecci\u00f3n Mexicana"},"content":{"rendered":"<p>El problema de los naturalizados es inmenso y afecta bastante al balompi\u00e9 mexicano, as\u00ed lo visualiza <strong>Mauro Boselli<\/strong>, campe\u00f3n goleador del Apertura 2015 junto a Tito Villa, que con la naturalizaci\u00f3n solicitada por su equipo para abrir un cupo de extranjero, se descarta para jugar con la <strong>Selecci\u00f3n Mexicana.<\/strong><\/p>\n<p>&#8220;Hoy por hoy mi intenci\u00f3n no es jugar en la Selecci\u00f3n Mexicana porque ah\u00ed s\u00ed realmente estar\u00eda quit\u00e1ndole un espacio al jugador mexicano. Lo otro son las reglas que tiene la Federaci\u00f3n y hay que tratar de aceptar. Pero ya si en un momento las quieren cambiar, es un tema de que se pongan de acuerdo la gente que maneja la liga. Pero en la selecci\u00f3n mexicana no tengo pensado jugar\u201d, dijo Mauro Boselli, nacido en Buenos Aires, Argentina.<\/p>\n<p>Boselli tom\u00f3 el micr\u00f3fono la ma\u00f1ana del viernes despu\u00e9s del entrenamiento matutino del equipo, su primero ya como jugador mexicano y dijo: \u201cAntes que todo quiero aclarar una cosa que me parece que es importante, el tema de la naturalizaci\u00f3n fue por pedido de la directiva y me parece que las reglas est\u00e1n hechas para cumplirse y no para transgredirlas. Es un tema que tiene el futbol mexicano y nosotros, y yo entend\u00ed que no nos pod\u00edamos quedar atr\u00e1s teniendo la posibilidad de tener el cupo y poder traer un extranjero m\u00e1s. En lo personal no estoy de acuerdo porque me parece mucho el n\u00famero entre extranjeros y naturalizados, es un tema que no le hace bien al futbol mexicano y quiz\u00e1 tapa el lugar a los j\u00f3venes. Pero tambi\u00e9n hay una realidad de que estas son las reglas\u201d, aclar\u00f3 el delantero de Le\u00f3n.<\/p>\n<p>\u201cAl menos a m\u00ed en Argentina no me gustar\u00eda que hubiera muchos jugadores que no hayan nacido en Argentina y est\u00e9n jugando para la selecci\u00f3n. Eso s\u00ed que no, no va con lo que yo pienso. As\u00ed que no s\u00e9 si se podr\u00e9 o no porque (jugar con el Tri) porque yo ya he jugado para la selecci\u00f3n argentina, pero en mi cabeza no pasa jugar para la selecci\u00f3n mexicana porque ah\u00ed s\u00ed le estar\u00eda quitando un lugar a un jugador mexicano\u201d, se\u00f1ala <strong>Boselli<\/strong>, quien no podr\u00eda participar con el Tri porque compiti\u00f3 con Argentina en un Sudamericano Sub-20, situaci\u00f3n que de acuerdo a la FIFA, lo obliga a participar solo con\u00a0la <em>Albiceleste<\/em>.<\/p>\n<p style=\"text-align: center;\"><span style=\"color: #3366ff;\"><strong><a style=\"color: #3366ff;\" href=\"http:\/\/futboltotal.com.mx\/2015\/12\/leon-ficha-a-futbolista-de-la-nfl\/\">LEER M\u00c1S: Chad Ochocinco pos\u00f3 con la playera del Le\u00f3n.<\/a> <\/strong><\/span><\/p>\n","protected":false},"excerpt":{"rendered":"<p>&#8220;Mi intenci\u00f3n no es jugar en el Tri, porque estar\u00eda quit\u00e1ndole un espacio a un mexicano&#8221;<\/p>\n","protected":false},"author":20,"featured_media":343380,"comment_status":"closed","ping_status":"closed","sticky":false,"template":"","format":"standard","meta":[],"categories":[2198,3845,5950],"tags":[5965,3863,5979],"_links":{"self":[{"href":"http:\/\/desarrollo.grupomedios.com\/futbol\/wp-json\/wp\/v2\/posts\/343379"}],"collection":[{"href":"http:\/\/desarrollo.grupomedios.com\/futbol\/wp-json\/wp\/v2\/posts"}],"about":[{"href":"http:\/\/desarrollo.grupomedios.com\/futbol\/wp-json\/wp\/v2\/types\/post"}],"author":[{"embeddable":true,"href":"http:\/\/desarrollo.grupomedios.com\/futbol\/wp-json\/wp\/v2\/users\/20"}],"replies":[{"embeddable":true,"href":"http:\/\/desarrollo.grupomedios.com\/futbol\/wp-json\/wp\/v2\/comments?post=343379"}],"version-history":[{"count":0,"href":"http:\/\/desarrollo.grupomedios.com\/futbol\/wp-json\/wp\/v2\/posts\/343379\/revisions"}],"wp:featuredmedia":[{"embeddable":true,"href":"http:\/\/desarrollo.grupomedios.com\/futbol\/wp-json\/wp\/v2\/media\/343380"}],"wp:attachment":[{"href":"http:\/\/desarrollo.grupomedios.com\/futbol\/wp-json\/wp\/v2\/media?parent=343379"}],"wp:term":[{"taxonomy":"category","embeddable":true,"href":"http:\/\/desarrollo.grupomedios.com\/futbol\/wp-json\/wp\/v2\/categories?post=343379"},{"taxonomy":"post_tag","embeddable":true,"href":"http:\/\/desarrollo.grupomedios.com\/futbol\/wp-json\/wp\/v2\/tags?post=343379"}],"curies":[{"name":"wp","href":"https:\/\/api.w.org\/{rel}","templated":true}]}}