{"id":343490,"date":"2015-12-20T11:29:46","date_gmt":"2015-12-20T17:29:46","guid":{"rendered":"http:\/\/futboltotal.com.mx\/?p=343490"},"modified":"2015-12-20T11:32:40","modified_gmt":"2015-12-20T17:32:40","slug":"revelan-posters-de-batman-v-superman","status":"publish","type":"post","link":"http:\/\/desarrollo.grupomedios.com\/futbol\/no-todo-es-futbol\/revelan-posters-de-batman-v-superman\/2015\/12","title":{"rendered":"Revelan p\u00f3sters de Batman v Superman"},"content":{"rendered":"<p>A trav\u00e9s de sus redes sociales, Ben Affleck, Henry Cavill y Gal Gadot, quienes interpretan a <strong>Batman<\/strong>, <strong>Superman<\/strong> y la <strong>Mujer Maravilla<\/strong> en la cinta <strong>Batman v Superman: Down of Justice<\/strong>, compartieron los nuevos p\u00f3sters del film, que se estrenar\u00e1 en 2016.<\/p>\n<div id=\"fb-root\"><\/div>\n<p><script>(function(d, s, id) {  var js, fjs = d.getElementsByTagName(s)[0];  if (d.getElementById(id)) return;  js = d.createElement(s); js.id = id;  js.src = \"\/\/connect.facebook.net\/es_ES\/sdk.js#xfbml=1&version=v2.3\";  fjs.parentNode.insertBefore(js, fjs);}(document, 'script', 'facebook-jssdk'));<\/script><\/p>\n<div class=\"fb-post\" data-href=\"https:\/\/www.facebook.com\/HenryCavillFans\/posts\/1252196608139916:0\" data-width=\"500\">\n<div class=\"fb-xfbml-parse-ignore\">\n<blockquote cite=\"https:\/\/www.facebook.com\/HenryCavillFans\/posts\/1252196608139916:0\">\n<p>New Post from Henry Cavill!! New Batman v Superman: Dawn of Justice Photo!! This movie is going to be EPIC!! #Superman&#8230;<\/p>\n<p>Posted by <a href=\"https:\/\/www.facebook.com\/HenryCavillFans\/\">Henry Cavill Fanpage<\/a> on&nbsp;<a href=\"https:\/\/www.facebook.com\/HenryCavillFans\/posts\/1252196608139916:0\">Mi\u00e9rcoles, 16 de diciembre de 2015<\/a><\/p><\/blockquote>\n<\/div>\n<\/div>\n<p>Ben Affleck, Henry Cavill y Gal Gadot, quienes protagonizan <strong>Batman v Superman: Down of Justice<\/strong>, figuran en los nuevos p\u00f3sters del film, por lo que cada uno subi\u00f3 el propio a trav\u00e9s de su cuenta de Twitter.<\/p>\n<blockquote class=\"twitter-tweet\" lang=\"es\">\n<p lang=\"und\" dir=\"ltr\"><a href=\"https:\/\/twitter.com\/hashtag\/BatmanvSuperman?src=hash\">#BatmanvSuperman<\/a> <a href=\"https:\/\/t.co\/seVdBBMh7x\">pic.twitter.com\/seVdBBMh7x<\/a><\/p>\n<p>&mdash; Ben Affleck (@BenAffleck) <a href=\"https:\/\/twitter.com\/BenAffleck\/status\/677172536443015168\">diciembre 16, 2015<\/a><\/p><\/blockquote>\n<p><script async src=\"\/\/platform.twitter.com\/widgets.js\" charset=\"utf-8\"><\/script><\/p>\n<blockquote class=\"twitter-tweet\" lang=\"es\">\n<p lang=\"en\" dir=\"ltr\">I welcome you into my dream. Here&#39;s an exclusive new Wonder Woman banner for <a href=\"https:\/\/twitter.com\/BatmanvSuperman\">@BatmanvSuperman<\/a>. <a href=\"https:\/\/t.co\/3wYP2KfWI4\">pic.twitter.com\/3wYP2KfWI4<\/a><\/p>\n<p>&mdash; Gal Gadot (@GalGadot) <a href=\"https:\/\/twitter.com\/GalGadot\/status\/677171651528687616\">diciembre 16, 2015<\/a><\/p><\/blockquote>\n<p><script async src=\"\/\/platform.twitter.com\/widgets.js\" charset=\"utf-8\"><\/script><\/p>\n<p>Si te perdiste el trailer de <strong>Batman v Superman: Down of Justice<\/strong>, aqu\u00ed lo puedes ver:<\/p>\n<p><iframe loading=\"lazy\" src=\"https:\/\/www.youtube.com\/embed\/UUwrzd0P1H0\" frameborder=\"0\" allowfullscreen><\/iframe><\/p>\n","protected":false},"excerpt":{"rendered":"<p>Los protagonistas de la cinta compartieron las im\u00e1genes<\/p>\n","protected":false},"author":20,"featured_media":343492,"comment_status":"closed","ping_status":"closed","sticky":false,"template":"","format":"standard","meta":[],"categories":[5418],"tags":[6392,5771,5824,6606],"_links":{"self":[{"href":"http:\/\/desarrollo.grupomedios.com\/futbol\/wp-json\/wp\/v2\/posts\/343490"}],"collection":[{"href":"http:\/\/desarrollo.grupomedios.com\/futbol\/wp-json\/wp\/v2\/posts"}],"about":[{"href":"http:\/\/desarrollo.grupomedios.com\/futbol\/wp-json\/wp\/v2\/types\/post"}],"author":[{"embeddable":true,"href":"http:\/\/desarrollo.grupomedios.com\/futbol\/wp-json\/wp\/v2\/users\/20"}],"replies":[{"embeddable":true,"href":"http:\/\/desarrollo.grupomedios.com\/futbol\/wp-json\/wp\/v2\/comments?post=343490"}],"version-history":[{"count":0,"href":"http:\/\/desarrollo.grupomedios.com\/futbol\/wp-json\/wp\/v2\/posts\/343490\/revisions"}],"wp:featuredmedia":[{"embeddable":true,"href":"http:\/\/desarrollo.grupomedios.com\/futbol\/wp-json\/wp\/v2\/media\/343492"}],"wp:attachment":[{"href":"http:\/\/desarrollo.grupomedios.com\/futbol\/wp-json\/wp\/v2\/media?parent=343490"}],"wp:term":[{"taxonomy":"category","embeddable":true,"href":"http:\/\/desarrollo.grupomedios.com\/futbol\/wp-json\/wp\/v2\/categories?post=343490"},{"taxonomy":"post_tag","embeddable":true,"href":"http:\/\/desarrollo.grupomedios.com\/futbol\/wp-json\/wp\/v2\/tags?post=343490"}],"curies":[{"name":"wp","href":"https:\/\/api.w.org\/{rel}","templated":true}]}}