{"id":343523,"date":"2015-12-20T13:40:22","date_gmt":"2015-12-20T19:40:22","guid":{"rendered":"http:\/\/futboltotal.com.mx\/?p=343523"},"modified":"2015-12-20T13:44:23","modified_gmt":"2015-12-20T19:44:23","slug":"hallan-audio-sobre-origen-del-basquetbol","status":"publish","type":"post","link":"http:\/\/desarrollo.grupomedios.com\/futbol\/no-todo-es-futbol\/hallan-audio-sobre-origen-del-basquetbol\/2015\/12","title":{"rendered":"Hallan audio sobre origen del Basquetbol"},"content":{"rendered":"<p>Michael J. Zogry, profesor de la Universidad de Kansas, encontr\u00f3 en la Librer\u00eda del Congreso de los Estados Unidos, un audio grabado por James Naismith, quien invent\u00f3 el <strong>basquetbol<\/strong> y que en dicho archivo aclara el origen de ese deporte.<\/p>\n<p>&#8220;Intentamos de todo para mantenerlos callados. Les dije que la idea era lanzar el bal\u00f3n y encestarlo en la canasta del equipo contrario. No hice suficientes reglas, ese fue mi mayor error en aquella ocasi\u00f3n&#8221;, se\u00f1alaba James Naismith sobre el origen del <strong>basquetbol<\/strong>, en la grabaci\u00f3n.<\/p>\n<p>El audio fue rescatado de una emisi\u00f3n radiof\u00f3nica del programa <em>We the People<\/em>, de una estaci\u00f3n de New York, emitida el 31 de enero de 1939, donde James Naismith hablaba de los or\u00edgenes del <strong>basquetbol<\/strong> y de los problemas de aceptaci\u00f3n que tuvo el deporte, debido a que el esf\u00e9rico que se us\u00f3 por primera vez, era de futbol.<\/p>\n<p>La NBA comparti\u00f3 a trav\u00e9s de uno de sus canales de Youtube, el audio descubierto por el profesor de la Universidad de Kansas:<\/p>\n<p><iframe loading=\"lazy\" src=\"https:\/\/www.youtube.com\/embed\/O5Po8WIENaI\" frameborder=\"0\" allowfullscreen><\/iframe><\/p>\n","protected":false},"excerpt":{"rendered":"<p>Fue grabado por James Naismith, el inventor del baloncesto<\/p>\n","protected":false},"author":20,"featured_media":343527,"comment_status":"closed","ping_status":"closed","sticky":false,"template":"","format":"standard","meta":[],"categories":[5814,5418],"tags":[6208,5771],"_links":{"self":[{"href":"http:\/\/desarrollo.grupomedios.com\/futbol\/wp-json\/wp\/v2\/posts\/343523"}],"collection":[{"href":"http:\/\/desarrollo.grupomedios.com\/futbol\/wp-json\/wp\/v2\/posts"}],"about":[{"href":"http:\/\/desarrollo.grupomedios.com\/futbol\/wp-json\/wp\/v2\/types\/post"}],"author":[{"embeddable":true,"href":"http:\/\/desarrollo.grupomedios.com\/futbol\/wp-json\/wp\/v2\/users\/20"}],"replies":[{"embeddable":true,"href":"http:\/\/desarrollo.grupomedios.com\/futbol\/wp-json\/wp\/v2\/comments?post=343523"}],"version-history":[{"count":0,"href":"http:\/\/desarrollo.grupomedios.com\/futbol\/wp-json\/wp\/v2\/posts\/343523\/revisions"}],"wp:featuredmedia":[{"embeddable":true,"href":"http:\/\/desarrollo.grupomedios.com\/futbol\/wp-json\/wp\/v2\/media\/343527"}],"wp:attachment":[{"href":"http:\/\/desarrollo.grupomedios.com\/futbol\/wp-json\/wp\/v2\/media?parent=343523"}],"wp:term":[{"taxonomy":"category","embeddable":true,"href":"http:\/\/desarrollo.grupomedios.com\/futbol\/wp-json\/wp\/v2\/categories?post=343523"},{"taxonomy":"post_tag","embeddable":true,"href":"http:\/\/desarrollo.grupomedios.com\/futbol\/wp-json\/wp\/v2\/tags?post=343523"}],"curies":[{"name":"wp","href":"https:\/\/api.w.org\/{rel}","templated":true}]}}