{"id":343530,"date":"2015-12-20T14:13:34","date_gmt":"2015-12-20T20:13:34","guid":{"rendered":"http:\/\/futboltotal.com.mx\/?p=343530"},"modified":"2015-12-20T14:20:27","modified_gmt":"2015-12-20T20:20:27","slug":"america-se-tiene-que-comportar-michael-arroyo","status":"publish","type":"post","link":"http:\/\/desarrollo.grupomedios.com\/futbol\/futbol-mexicano\/america-se-tiene-que-comportar-michael-arroyo\/2015\/12","title":{"rendered":"Am\u00e9rica se tiene que comportar: Michael Arroyo"},"content":{"rendered":"<p>El futbolista del <a href=\"http:\/\/www.futboltotal.com.mx\/equipos\/america\/\" target=\"_blank\"><strong>Am\u00e9rica<\/strong><\/a>, <strong>Michael Arroyo<\/strong>, habl\u00f3 sobre las sanciones que les impondr\u00e1 la directiva <em>azulcrema<\/em>, a los jugadores que cometieron faltas disciplinarias durante en el segundo semestre de 2015, y a los que las cometan en 2016.<\/p>\n<p>&#8220;S\u00ed, estoy de acuerdo con que haya multas porque somos personas profesionales, ya estamos grandes y tenemos que comportarnos como tal en el campo de juego&#8221;, se\u00f1al\u00f3<strong> Michael Arroyo<\/strong> entorno a las medidas que tomar\u00e1 el <strong>Am\u00e9rica<\/strong> al respecto, que consisten en sanciones econ\u00f3micas, principalmente.<\/p>\n<p style=\"text-align: center;\"><span style=\"color: #3366ff;\"><strong><a style=\"color: #3366ff;\" href=\"http:\/\/futboltotal.com.mx\/2015\/12\/en-america-preparan-castigos-por-indisciplinas\/\" target=\"_blank\">LEER M\u00c1S: La disciplina llegar\u00e1 al Am\u00e9rica<\/a><\/strong><\/span><\/p>\n<p>El ecuatoriano, al igual que el resto de la plantilla, se siente apenado con la afici\u00f3n del <strong>Am\u00e9rica<\/strong>, por las indisciplinas que cometieron sus compa\u00f1eros, como los casos de Javier G\u00fcemez y Darwin Quintero; y por la eliminaci\u00f3n del equipo en los cuartos de final del Mundial de Clubes.<\/p>\n<p>&#8220;Nosotros hablamos antes de ir al Mundial de Clubes de que no quer\u00edamos m\u00e1s expulsiones, luego pas\u00f3 esto de quedar eliminados y da pena porque estamos en un club grande, en un club muy prestigioso. Le pedimos disculpas a much\u00edsima gente porque \u00edbamos con otras ilusiones, como la gente lo estaba&#8221;, explic\u00f3 <strong>Michael Arroyo<\/strong>.<\/p>\n<p><span style=\"color: #ff0000;\">VIDEO: Top 5, los mejores defensas mexicanos<\/span><\/p>\n<p>[video_player]https:\/\/player.vimeo.com\/external\/149344469.hd.mp4?s=c1bfa98f1f83217e00454875b88c2c9e81eda2f4&amp;profile_id=113[\/video_player]<\/p>\n","protected":false},"excerpt":{"rendered":"<p>El futbolista est\u00e1 de acuerdo con las sanciones que les impondr\u00e1n<\/p>\n","protected":false},"author":20,"featured_media":343534,"comment_status":"closed","ping_status":"closed","sticky":false,"template":"","format":"standard","meta":[],"categories":[2198,3845,5950],"tags":[5959,4775],"_links":{"self":[{"href":"http:\/\/desarrollo.grupomedios.com\/futbol\/wp-json\/wp\/v2\/posts\/343530"}],"collection":[{"href":"http:\/\/desarrollo.grupomedios.com\/futbol\/wp-json\/wp\/v2\/posts"}],"about":[{"href":"http:\/\/desarrollo.grupomedios.com\/futbol\/wp-json\/wp\/v2\/types\/post"}],"author":[{"embeddable":true,"href":"http:\/\/desarrollo.grupomedios.com\/futbol\/wp-json\/wp\/v2\/users\/20"}],"replies":[{"embeddable":true,"href":"http:\/\/desarrollo.grupomedios.com\/futbol\/wp-json\/wp\/v2\/comments?post=343530"}],"version-history":[{"count":0,"href":"http:\/\/desarrollo.grupomedios.com\/futbol\/wp-json\/wp\/v2\/posts\/343530\/revisions"}],"wp:featuredmedia":[{"embeddable":true,"href":"http:\/\/desarrollo.grupomedios.com\/futbol\/wp-json\/wp\/v2\/media\/343534"}],"wp:attachment":[{"href":"http:\/\/desarrollo.grupomedios.com\/futbol\/wp-json\/wp\/v2\/media?parent=343530"}],"wp:term":[{"taxonomy":"category","embeddable":true,"href":"http:\/\/desarrollo.grupomedios.com\/futbol\/wp-json\/wp\/v2\/categories?post=343530"},{"taxonomy":"post_tag","embeddable":true,"href":"http:\/\/desarrollo.grupomedios.com\/futbol\/wp-json\/wp\/v2\/tags?post=343530"}],"curies":[{"name":"wp","href":"https:\/\/api.w.org\/{rel}","templated":true}]}}