{"id":343577,"date":"2015-12-20T16:49:19","date_gmt":"2015-12-20T22:49:19","guid":{"rendered":"http:\/\/futboltotal.com.mx\/?p=343577"},"modified":"2015-12-20T18:18:39","modified_gmt":"2015-12-21T00:18:39","slug":"gran-cierre-de-herrera-tecatito-y-layun-con-fc-porto","status":"publish","type":"post","link":"http:\/\/desarrollo.grupomedios.com\/futbol\/destacado-home\/gran-cierre-de-herrera-tecatito-y-layun-con-fc-porto\/2015\/12","title":{"rendered":"\u00a1Gran cierre de Herrera, Tecatito y Lay\u00fan con FC Porto!"},"content":{"rendered":"<p>En el \u00faltimo partido del 2015 del <strong>FC Porto<\/strong> en la Primeira Liga de Portugal, el cuadro donde militan los mexicanos, <strong>H\u00e9ctor Herrera<\/strong>, <strong>Jes\u00fas Tecatito Corona<\/strong> y <strong>Miguel Lay\u00fan<\/strong> logr\u00f3 vencer con contundencia al Acad\u00e9mica, gracias a una gran actuaci\u00f3n de los aztecas, quienes intervinieron en dos de los tres goles, con los que su equipo gan\u00f3 por 3-1.<\/p>\n<p>En el Drag\u00e3o, <strong>FC Porto<\/strong> recibi\u00f3 al Acad\u00e9mica, al que comenz\u00f3 venciendo desde el minuto 7, gracias a un gol de Danilo Pereira, que puso el 1-0, resultado que se mantuvo hasta el t\u00e9rmino de la primera mitad del encuentro. Para la segunda mitad, los <em>Dragones<\/em> ampliaron la ventaja gracias a un centro de <strong>Miguel Lay\u00fan<\/strong> que fue rematado por Aboubakar al 53&#8242;.<\/p>\n<p>Pero <strong>Miguel Lay\u00fan<\/strong> no fue el \u00fanico que luci\u00f3, pues sus constantes llegadas eran acompa\u00f1ados por el buen juego de sus compa\u00f1eros, <strong>Jes\u00fas Tecatito Corona<\/strong> y <strong>H\u00e9ctor Herrera<\/strong>, quienes provocaron el 3-0 con el que moment\u00e1neamente goleaban al Acad\u00e9mica.<\/p>\n<p><strong>Jes\u00fas Tecatito Corona<\/strong> dribl\u00f3 en el \u00e1rea al 72&#8242; y luego envi\u00f3 un servicio donde <a href=\"http:\/\/futboltotal.com.mx\/2015\/12\/centro-de-tecatito-golazo-de-hector-herrera\/\" target=\"_blank\">H\u00e9ctor Herrera, sin marca alguna, defini\u00f3 de lujo para sellar aparentemente la goleada<\/a>; sin embargo, Acad\u00e9mica descont\u00f3 al 84&#8242;, con gol de Rui Pedro. El tanto de los visitantes provoc\u00f3 que el marcador terminara 3-1.<\/p>\n<p>Con ese resultado, el <strong>FC Porto<\/strong> se trep\u00f3 al liderato de la Primeira Liga de Portugal, por lo que amanecer\u00e1 como <em>Campe\u00f3n de Invierno<\/em> en el cierre del 2015, tras culminar en el primer lugar de la competencia.<\/p>\n<div id=\"galleryfUK\" style=\"display:none;\"><img alt=\"\" src=\"http:\/\/desarrollo.grupomedios.com\/futbol\/wp-content\/uploads\/2015\/12\/porto-vs-academica.jpg\" data-image=\"http:\/\/desarrollo.grupomedios.com\/futbol\/wp-content\/uploads\/2015\/12\/porto-vs-academica.jpg\" data-description=\"porto-vs-academica\"><img alt=\"\" src=\"http:\/\/desarrollo.grupomedios.com\/futbol\/wp-content\/uploads\/2015\/12\/porto-vs-academica-1.jpg\" data-image=\"http:\/\/desarrollo.grupomedios.com\/futbol\/wp-content\/uploads\/2015\/12\/porto-vs-academica-1.jpg\" data-description=\"porto-vs-academica-1\"><img alt=\"\" src=\"http:\/\/desarrollo.grupomedios.com\/futbol\/wp-content\/uploads\/2015\/12\/porto-vs-academica-2.jpg\" data-image=\"http:\/\/desarrollo.grupomedios.com\/futbol\/wp-content\/uploads\/2015\/12\/porto-vs-academica-2.jpg\" data-description=\"porto-vs-academica-2\"><img alt=\"\" src=\"http:\/\/desarrollo.grupomedios.com\/futbol\/wp-content\/uploads\/2015\/12\/porto-vs-academica-3.jpg\" data-image=\"http:\/\/desarrollo.grupomedios.com\/futbol\/wp-content\/uploads\/2015\/12\/porto-vs-academica-3.jpg\" data-description=\"porto-vs-academica-3\"><img alt=\"\" src=\"http:\/\/desarrollo.grupomedios.com\/futbol\/wp-content\/uploads\/2015\/12\/porto-vs-academica-4.jpg\" data-image=\"http:\/\/desarrollo.grupomedios.com\/futbol\/wp-content\/uploads\/2015\/12\/porto-vs-academica-4.jpg\" data-description=\"porto-vs-academica-4\"><img alt=\"\" src=\"http:\/\/desarrollo.grupomedios.com\/futbol\/wp-content\/uploads\/2015\/12\/porto-vs-academica-6.jpg\" data-image=\"http:\/\/desarrollo.grupomedios.com\/futbol\/wp-content\/uploads\/2015\/12\/porto-vs-academica-6.jpg\" data-description=\"porto-vs-academica-6\"><img alt=\"\" src=\"http:\/\/desarrollo.grupomedios.com\/futbol\/wp-content\/uploads\/2015\/12\/porto-vs-academica-7.jpg\" data-image=\"http:\/\/desarrollo.grupomedios.com\/futbol\/wp-content\/uploads\/2015\/12\/porto-vs-academica-7.jpg\" data-description=\"porto-vs-academica-7\"><\/div>\n        <script>\n        \/\/galeria 1\n        jQuery(document).ready(function(){ \n            var api;\n            api = jQuery(\"#galleryfUK\").unitegallery({\n                carousel_autoplay: false\n            }); \n        });\n        <\/script>\n        \n<p><strong>Alineaciones:<\/strong><\/p>\n<p><strong>Porto:<\/strong> Casillas; Maxi, Maicon, Indi, M. Lay\u00fan; Danilo, R. Neves, H. Herrera; Brahimi, Aboubakar, J. Corona<\/p>\n<p><strong>Acad\u00e9mica:<\/strong> Trigueira; Aderlan, I. Santos, R. Nascimento e Ofori; F. Alexandre, N. Piloto; Ivanildo, P. Nuno, Nii Plange; Rafael Lopes.<\/p>\n","protected":false},"excerpt":{"rendered":"<p>Con gran actuaci\u00f3n del tr\u00edo mexicano, el Porto es campe\u00f3n de invierno<\/p>\n","protected":false},"author":20,"featured_media":343579,"comment_status":"closed","ping_status":"closed","sticky":false,"template":"","format":"standard","meta":[],"categories":[5,3839],"tags":[2153,5995,3770,1035],"_links":{"self":[{"href":"http:\/\/desarrollo.grupomedios.com\/futbol\/wp-json\/wp\/v2\/posts\/343577"}],"collection":[{"href":"http:\/\/desarrollo.grupomedios.com\/futbol\/wp-json\/wp\/v2\/posts"}],"about":[{"href":"http:\/\/desarrollo.grupomedios.com\/futbol\/wp-json\/wp\/v2\/types\/post"}],"author":[{"embeddable":true,"href":"http:\/\/desarrollo.grupomedios.com\/futbol\/wp-json\/wp\/v2\/users\/20"}],"replies":[{"embeddable":true,"href":"http:\/\/desarrollo.grupomedios.com\/futbol\/wp-json\/wp\/v2\/comments?post=343577"}],"version-history":[{"count":0,"href":"http:\/\/desarrollo.grupomedios.com\/futbol\/wp-json\/wp\/v2\/posts\/343577\/revisions"}],"wp:featuredmedia":[{"embeddable":true,"href":"http:\/\/desarrollo.grupomedios.com\/futbol\/wp-json\/wp\/v2\/media\/343579"}],"wp:attachment":[{"href":"http:\/\/desarrollo.grupomedios.com\/futbol\/wp-json\/wp\/v2\/media?parent=343577"}],"wp:term":[{"taxonomy":"category","embeddable":true,"href":"http:\/\/desarrollo.grupomedios.com\/futbol\/wp-json\/wp\/v2\/categories?post=343577"},{"taxonomy":"post_tag","embeddable":true,"href":"http:\/\/desarrollo.grupomedios.com\/futbol\/wp-json\/wp\/v2\/tags?post=343577"}],"curies":[{"name":"wp","href":"https:\/\/api.w.org\/{rel}","templated":true}]}}