{"id":343933,"date":"2015-12-29T07:00:35","date_gmt":"2015-12-29T13:00:35","guid":{"rendered":"http:\/\/futboltotal.com.mx\/?p=343933"},"modified":"2015-12-29T11:47:38","modified_gmt":"2015-12-29T17:47:38","slug":"jonathan-dos-santos-pieza-clave-en-un-historico-villarreal","status":"publish","type":"post","link":"http:\/\/desarrollo.grupomedios.com\/futbol\/destacado-home\/jonathan-dos-santos-pieza-clave-en-un-historico-villarreal\/2015\/12","title":{"rendered":"Jona dos Santos, pieza clave del hist\u00f3rico Villarreal"},"content":{"rendered":"<p style=\"text-align: center;\"><span style=\"color: #ff0000;\">Cinco grandes momentos de <strong>Jonathan dos Santos<\/strong>\u00a0en 2015 \u00a0<\/span><\/p>\n<p>[video_player]https:\/\/player.vimeo.com\/external\/149809848.hd.mp4?s=c1f3760a8c2bf272f54f70a2db3e2bc070854e12&amp;profile_id=113[\/video_player]<\/p>\n<p><strong>Jonathan dos Santos<\/strong> empez\u00f3 el a\u00f1o con nuevos br\u00edos. Despu\u00e9s de varios a\u00f1os en el ostracismo futbol\u00edstico con el Barcelona, un cambio de equipo demostr\u00f3 al mundo su enorme talento.<\/p>\n<p>Con detalles de calidad, dise\u00f1\u00f3 un gol hermoso de volea ante Kameni,\u00a0apenas en los albores del 2015. Su rendimiento continu\u00f3 siendo bastante parejo y tuvo espor\u00e1dicas ocasiones con festejo. En una de esas, <em>Jona<\/em> marc\u00f3 a su exequipo y descarg\u00f3 toda su frustraci\u00f3n, lastimosamente el <em>Submarino Amarillo<\/em> cay\u00f3 ante Barcelona, a la postre, campe\u00f3n de la Copa del Rey.<\/p>\n<p style=\"text-align: center;\"><span style=\"color: #3366ff;\"><strong><a style=\"color: #3366ff;\" href=\"http:\/\/futboltotal.com.mx\/2015\/12\/guillermo-ocho\u2026s-en-el-malaga\/ \u200e\">LEER M\u00c1S: Memo Ochoa, las dos caras de la moneda<\/a><\/strong><\/span><\/p>\n<p><strong>Jona dos Santos<\/strong>\u00a0tuvo minutos en cancha ten\u00eda y adem\u00e1s compart\u00eda vestidor con su hermano Giovani. Sin embargo, en el verano cambi\u00f3 esa infinita felicidad. De entrada sufri\u00f3 una lesi\u00f3n que le impidi\u00f3 estar a tope con la Selecci\u00f3n Mexicana. Por si fuera poco, lanz\u00f3 un tuit pol\u00e9mico durante esa estancia con el <em>Tri<\/em>\u00a0que a la postre le cost\u00f3 el llamado a la Selecci\u00f3n Mexicana bajo el interinato de Ricardo Ferretti y para rematar <em>Gio<\/em> cambi\u00f3 de equipo y fich\u00f3 con el Galaxy.<\/p>\n<p style=\"text-align: center;\"><span style=\"color: #3366ff;\"><b><a style=\"color: #3366ff;\" href=\"http:\/\/futboltotal.com.mx\/2015\/12\/344993\/\">LEER M\u00c1S: Chicharito firma su mejor a\u00f1o goleador<\/a><\/b><\/span><\/p>\n<p>Aunque la temporada arranc\u00f3 de forma dif\u00edcil y parec\u00eda que su brillantez se dilu\u00eda, no fue as\u00ed. <em>Jona<\/em> mostr\u00f3 su car\u00e1cter, sum\u00f3 minutos y se convirti\u00f3 en una pieza clave para el Villarreal, que por primera vez en 82 a\u00f1os se transform\u00f3 en el l\u00edder de la Liga Espa\u00f1ola tras hilar cinco victorias. La sorpresa se desvaneci\u00f3, no del todo, pues se mantienen peleando un lugar por Champions League, con el menor de los <strong>Dos Santos<\/strong> como una pieza clave de la instituci\u00f3n.<\/p>\n","protected":false},"excerpt":{"rendered":"<p>Cinco grandes momentos de Jona dos Santos en 2015<\/p>\n","protected":false},"author":20,"featured_media":343936,"comment_status":"closed","ping_status":"closed","sticky":false,"template":"","format":"standard","meta":[],"categories":[5,3839],"tags":[48,4545,2607],"_links":{"self":[{"href":"http:\/\/desarrollo.grupomedios.com\/futbol\/wp-json\/wp\/v2\/posts\/343933"}],"collection":[{"href":"http:\/\/desarrollo.grupomedios.com\/futbol\/wp-json\/wp\/v2\/posts"}],"about":[{"href":"http:\/\/desarrollo.grupomedios.com\/futbol\/wp-json\/wp\/v2\/types\/post"}],"author":[{"embeddable":true,"href":"http:\/\/desarrollo.grupomedios.com\/futbol\/wp-json\/wp\/v2\/users\/20"}],"replies":[{"embeddable":true,"href":"http:\/\/desarrollo.grupomedios.com\/futbol\/wp-json\/wp\/v2\/comments?post=343933"}],"version-history":[{"count":0,"href":"http:\/\/desarrollo.grupomedios.com\/futbol\/wp-json\/wp\/v2\/posts\/343933\/revisions"}],"wp:featuredmedia":[{"embeddable":true,"href":"http:\/\/desarrollo.grupomedios.com\/futbol\/wp-json\/wp\/v2\/media\/343936"}],"wp:attachment":[{"href":"http:\/\/desarrollo.grupomedios.com\/futbol\/wp-json\/wp\/v2\/media?parent=343933"}],"wp:term":[{"taxonomy":"category","embeddable":true,"href":"http:\/\/desarrollo.grupomedios.com\/futbol\/wp-json\/wp\/v2\/categories?post=343933"},{"taxonomy":"post_tag","embeddable":true,"href":"http:\/\/desarrollo.grupomedios.com\/futbol\/wp-json\/wp\/v2\/tags?post=343933"}],"curies":[{"name":"wp","href":"https:\/\/api.w.org\/{rel}","templated":true}]}}