{"id":344173,"date":"2015-12-23T12:44:23","date_gmt":"2015-12-23T18:44:23","guid":{"rendered":"http:\/\/futboltotal.com.mx\/?p=344173"},"modified":"2015-12-23T14:33:56","modified_gmt":"2015-12-23T20:33:56","slug":"jesus-corona-preve-regresar-con-cruz-azul-en-fecha-2","status":"publish","type":"post","link":"http:\/\/desarrollo.grupomedios.com\/futbol\/futbol-mexicano\/jesus-corona-preve-regresar-con-cruz-azul-en-fecha-2\/2015\/12","title":{"rendered":"Jes\u00fas Corona acelera su regreso a las canchas"},"content":{"rendered":"<p>El cancerbero de la\u00a0<a href=\"htttp:\/\/www.futboltotal.com.mx\/equipos\/cruz-azul\/\" target=\"_blank\"><em>M\u00e1quina<\/em> de<strong> Cruz Azul<\/strong>,<\/a> <strong>Jos\u00e9 de Jes\u00fas Corona<\/strong>, asegura que su recuperaci\u00f3n se acelera, y podr\u00eda volver a la actividad para la jornada 2 del Clausura 2016, si todo marcha bien.<\/p>\n<p>En conferencia de prensa, <strong>Jes\u00fas Corona<\/strong> revel\u00f3 que viaj\u00f3 a Houston para conocer el diagn\u00f3stico de su recuperaci\u00f3n, luego de haber sufrido una luxaci\u00f3n en el hombro en el arranque del juego de la jornada 15 del Apertura 2015, contra el Veracruz.<\/p>\n<p>&#8220;Me puso contento el diagn\u00f3stico del doctor, que me permite realizar trabajos espec\u00edficos de portero, con lance, yendo de menos a m\u00e1s. Me dijeron voy muy bien, adelantado a los tiempos. Me dijeron que me recuperar\u00eda en 12 semanas, y ya voy en la s\u00e9ptima&#8221;, se\u00f1al\u00f3 <strong>Jes\u00fas Corona<\/strong>, al compartir la valoraci\u00f3n m\u00e9dica de su rehabilitaci\u00f3n.<\/p>\n<p style=\"text-align: center;\"><span style=\"color: #3366ff;\"><a style=\"color: #3366ff;\" href=\"http:\/\/futboltotal.com.mx\/2015\/12\/joffre-guerron-pospone-su-llegada-a-cruz-azul\/\" target=\"_blank\"><strong>LEER M\u00c1S: Joffre Guerr\u00f3n aplaza su llegada a Cruz Azul<\/strong><\/a><\/span><\/p>\n<p>Tras conocer la parte m\u00e9dica, <strong>Jes\u00fas Corona<\/strong> reconoci\u00f3 que ya trabaja con ejercicios de mayor intensidad con el <strong>Cruz Azul<\/strong>, por lo que augura un pronto regreso a la Liga MX, situaci\u00f3n que avala el doctor de la <em>M\u00e1quina<\/em>.<\/p>\n<p>&#8220;Hablando con el doctor Jim\u00e9nez, creo que puedo estar para la fecha 2, ya quiero empezar a jugar&#8221;, confes\u00f3 <strong>Jes\u00fas Corona<\/strong>.<\/p>\n<p><span style=\"color: #ff0000;\"><strong>VIDEO<\/strong>: La original presentaci\u00f3n del refuerzo de los Tuzos<\/span><\/p>\n<p>[video_player]https:\/\/player.vimeo.com\/external\/149817398.sd.mp4?s=c14079cc1a75b86f341121b7a314d4ed8fbee15f&amp;profile_id=112[\/video_player]<\/p>\n","protected":false},"excerpt":{"rendered":"<p>El portero de Cruz Azul podr\u00eda jugar en la jornada 2 del Clausura 2016<\/p>\n","protected":false},"author":20,"featured_media":344179,"comment_status":"closed","ping_status":"closed","sticky":false,"template":"","format":"standard","meta":[],"categories":[2198,3845,5950],"tags":[5962,5443],"_links":{"self":[{"href":"http:\/\/desarrollo.grupomedios.com\/futbol\/wp-json\/wp\/v2\/posts\/344173"}],"collection":[{"href":"http:\/\/desarrollo.grupomedios.com\/futbol\/wp-json\/wp\/v2\/posts"}],"about":[{"href":"http:\/\/desarrollo.grupomedios.com\/futbol\/wp-json\/wp\/v2\/types\/post"}],"author":[{"embeddable":true,"href":"http:\/\/desarrollo.grupomedios.com\/futbol\/wp-json\/wp\/v2\/users\/20"}],"replies":[{"embeddable":true,"href":"http:\/\/desarrollo.grupomedios.com\/futbol\/wp-json\/wp\/v2\/comments?post=344173"}],"version-history":[{"count":0,"href":"http:\/\/desarrollo.grupomedios.com\/futbol\/wp-json\/wp\/v2\/posts\/344173\/revisions"}],"wp:featuredmedia":[{"embeddable":true,"href":"http:\/\/desarrollo.grupomedios.com\/futbol\/wp-json\/wp\/v2\/media\/344179"}],"wp:attachment":[{"href":"http:\/\/desarrollo.grupomedios.com\/futbol\/wp-json\/wp\/v2\/media?parent=344173"}],"wp:term":[{"taxonomy":"category","embeddable":true,"href":"http:\/\/desarrollo.grupomedios.com\/futbol\/wp-json\/wp\/v2\/categories?post=344173"},{"taxonomy":"post_tag","embeddable":true,"href":"http:\/\/desarrollo.grupomedios.com\/futbol\/wp-json\/wp\/v2\/tags?post=344173"}],"curies":[{"name":"wp","href":"https:\/\/api.w.org\/{rel}","templated":true}]}}