{"id":344291,"date":"2015-12-23T18:28:51","date_gmt":"2015-12-24T00:28:51","guid":{"rendered":"http:\/\/futboltotal.com.mx\/?p=344291"},"modified":"2015-12-23T18:50:55","modified_gmt":"2015-12-24T00:50:55","slug":"van-gaal-explota-ante-rumores","status":"publish","type":"post","link":"http:\/\/desarrollo.grupomedios.com\/futbol\/futbol-internacional\/van-gaal-explota-ante-rumores\/2015\/12","title":{"rendered":"Van Gaal explota ante rumores"},"content":{"rendered":"<p>Furioso por los rumores que lo colocan fuera de la direcci\u00f3n t\u00e9cnica del <strong>Manchester United<\/strong>, el entrenador holand\u00e9s <strong>Louis van Gaal<\/strong> explot\u00f3 este mi\u00e9rcoles contra la prensa inglesa.<\/p>\n<p>\u201c\u00bfNadie en esta sala me va a pedir perd\u00f3n?\u201d, dijo <strong>Van Gaal<\/strong> a los medios asistentes a la conferencia de prensa. \u201cEso es lo que realmente me pregunto\u201d, agreg\u00f3.<\/p>\n<p style=\"text-align: center;\"><span style=\"color: #3366ff;\"><strong><a style=\"color: #3366ff;\" href=\"http:\/\/futboltotal.com.mx\/2015\/12\/van-gaal-estaria-fuera-del-manchester-united\/\">LEER M\u00c1S: Van Gaal estar\u00eda fuera del Manchester United<\/a><\/strong><\/span><\/p>\n<p>Y es que varios reportes en los \u00faltimos d\u00edas apuntaban que<a href=\"http:\/\/futboltotal.com.mx\/2015\/12\/van-gaal-estaria-fuera-del-manchester-united\/\"> el holand\u00e9s ser\u00eda despedido del <strong>Manchester United<\/strong><\/a> y reemplazado por Jos\u00e9 Mourinho, quien fue cesado por Chelsea el jueves pasado.<\/p>\n<p>&#8220;Creo que ya fui despedido. Le\u00ed que ya fui despedido&#8221;, ironiz\u00f3 <strong>Louis van Gaal<\/strong> ante los periodistas.<\/p>\n<p style=\"text-align: center;\"><span style=\"color: #3366ff;\"><strong><a style=\"color: #3366ff;\" href=\"http:\/\/futboltotal.com.mx\/2015\/08\/asi-reacciono-van-gaal-tras-falla-de-chicharito\/\">LEER M\u00c1S: Reacci\u00f3n de Van Gaal tras penal fallado de Chicharito<\/a><\/strong><\/span><\/p>\n<p>El entrenador holand\u00e9s se present\u00f3 ante los medios de comunicaci\u00f3n este mi\u00e9rcoles porque le obliga la <em>Premier League<\/em>, de cara al partido ante el Stoke City del pr\u00f3ximo s\u00e1bado. \u201c\u00bfUstedes creen que me apetece ahora mismo hablar con vosotros? Estoy aqu\u00ed sentado porque me obliga la Premier League\u201d.<\/p>\n<p>Despu\u00e9s de menos de cinco minutos de la conferencia de prensa, el pol\u00e9mico entrenador del <strong>Manchester United<\/strong> se rehus\u00f3 a aceptar preguntas y abandon\u00f3 el sal\u00f3n.<\/p>\n<p><span style=\"color: #ff0000;\">Responde la prensa inglesa&#8230;<\/span>\u00a0Tras la pol\u00e9mica postura de <strong>Louis van Gaal<\/strong>, <em>The Sun<\/em>, uno de los diarios\u00a0m\u00e1s populares del Reino Unido, le dedic\u00f3 una pol\u00e9mica portada.<\/p>\n<p><a href=\"http:\/\/futboltotal.com.mx\/wp-content\/uploads\/2015\/12\/portada-inglaterra-van-gaal.jpg\"><img decoding=\"async\" loading=\"lazy\" class=\"aligncenter size-full wp-image-344302\" src=\"http:\/\/futboltotal.com.mx\/wp-content\/uploads\/2015\/12\/portada-inglaterra-van-gaal.jpg\" alt=\"portada-inglaterra-van-gaal\" srcset=\"http:\/\/desarrollo.grupomedios.com\/futbol\/wp-content\/uploads\/2015\/12\/portada-inglaterra-van-gaal.jpg 600w, http:\/\/desarrollo.grupomedios.com\/futbol\/wp-content\/uploads\/2015\/12\/portada-inglaterra-van-gaal-259x300.jpg 259w\" sizes=\"(max-width: 600px) 100vw, 600px\" \/><\/a><\/p>\n<p>&#8220;Louis Van Gaal exige una disculpa, as\u00ed que perd\u00f3n&#8230;&#8221;, se lee en el encabezado principal, que es complementado por algunos de los peores momentos del holand\u00e9s al frente\u00a0del cuadro de <em>Old Trafford<\/em>.<\/p>\n<p>&#8220;No has ganado un juego de seis&#8230; lo sentimos; pasaste de primero a quinto&#8230; lo sentimos; Quedaste fuera de Champions League&#8230; lo sentimos; aburres a los fans hasta las l\u00e1grimas&#8230; lo sentimos; gastaste 250 millones haciendo esto&#8230; lo sentimos&#8221;, apunta\u00a0el desplegado.<\/p>\n","protected":false},"excerpt":{"rendered":"<p>El DT est\u00e1 furioso por los rumores que lo colocan fuera del United<\/p>\n","protected":false},"author":20,"featured_media":344295,"comment_status":"closed","ping_status":"closed","sticky":false,"template":"","format":"standard","meta":[],"categories":[3839,3846,5951],"tags":[43,5198],"_links":{"self":[{"href":"http:\/\/desarrollo.grupomedios.com\/futbol\/wp-json\/wp\/v2\/posts\/344291"}],"collection":[{"href":"http:\/\/desarrollo.grupomedios.com\/futbol\/wp-json\/wp\/v2\/posts"}],"about":[{"href":"http:\/\/desarrollo.grupomedios.com\/futbol\/wp-json\/wp\/v2\/types\/post"}],"author":[{"embeddable":true,"href":"http:\/\/desarrollo.grupomedios.com\/futbol\/wp-json\/wp\/v2\/users\/20"}],"replies":[{"embeddable":true,"href":"http:\/\/desarrollo.grupomedios.com\/futbol\/wp-json\/wp\/v2\/comments?post=344291"}],"version-history":[{"count":0,"href":"http:\/\/desarrollo.grupomedios.com\/futbol\/wp-json\/wp\/v2\/posts\/344291\/revisions"}],"wp:featuredmedia":[{"embeddable":true,"href":"http:\/\/desarrollo.grupomedios.com\/futbol\/wp-json\/wp\/v2\/media\/344295"}],"wp:attachment":[{"href":"http:\/\/desarrollo.grupomedios.com\/futbol\/wp-json\/wp\/v2\/media?parent=344291"}],"wp:term":[{"taxonomy":"category","embeddable":true,"href":"http:\/\/desarrollo.grupomedios.com\/futbol\/wp-json\/wp\/v2\/categories?post=344291"},{"taxonomy":"post_tag","embeddable":true,"href":"http:\/\/desarrollo.grupomedios.com\/futbol\/wp-json\/wp\/v2\/tags?post=344291"}],"curies":[{"name":"wp","href":"https:\/\/api.w.org\/{rel}","templated":true}]}}