{"id":344390,"date":"2015-12-24T12:01:04","date_gmt":"2015-12-24T18:01:04","guid":{"rendered":"http:\/\/futboltotal.com.mx\/?p=344390"},"modified":"2015-12-24T12:19:26","modified_gmt":"2015-12-24T18:19:26","slug":"juninho-refuerzo-de-los-xolos","status":"publish","type":"post","link":"http:\/\/desarrollo.grupomedios.com\/futbol\/futbol-mexicano\/juninho-refuerzo-de-los-xolos\/2015\/12","title":{"rendered":"Juninho, refuerzo de los Xolos"},"content":{"rendered":"<p>El mediocampista brasile\u00f1o de Los \u00c1ngeles Galaxy, Juninho, ha pasado a ser refuerzo de los Xolos de Tijuana, anunciaron ambos clubes.<\/p>\n<p>El contenci\u00f3n significa un refuerzo m\u00e1s para el equipo de Miguel Herrera de cara al Clausura 2016.<\/p>\n<p><strong><a href=\"http:\/\/futboltotal.com.mx\/2015\/12\/futbol-de-estufa-rumbo-al-clausura-2016\/\" target=\"_blank\">LEER M\u00c1S: Todo el Futbol de Estufa, aqu\u00ed\u00a0<\/a><\/strong><\/p>\n<p>Juninho significa la segunda salida importante del equipo de Bruce Arena en los \u00faltimos d\u00edas, ya que el defensa central M\u00e9xico-americano Omar Gonz\u00e1lez fue fichado por los Tuzos\u00a0de Pachuca.<\/p>\n<p>Adem\u00e1s, el mediocampista brasile\u00f1o es el \u00faltimo en pasarse de la Major League Soccer en Estados Unidos a la Liga MX en este periodo de transferencias invernales. Adem\u00e1s de Juninho y Gonz\u00e1lez, el tambi\u00e9n mexico-americano Luis Gil pas\u00f3 de Real Salt Lake a Quer\u00e9taro. Anteriormente, la Primera Divisi\u00f3n de M\u00e9xico hab\u00eda albergado a seleccionados de la talla de DaMarcus Beasley y Herculez G\u00f3mez, entre otros.<\/p>\n<p>Juninho (nombre completo V\u00edtor Gomes Pereira J\u00fanior) debut\u00f3 con Sao Paulo en 2008 antes de pasar a pr\u00e9stamo al Galaxy en 2010, donde permaneci\u00f3 hasta hoy. Es hermano mayor de Ricardo Goulart, atacante de la Selecci\u00f3n Brasile\u00f1a y del Guangzhou Evergrande que elimin\u00f3 al Am\u00e9rica en el Mundial de Clubes pasado.<\/p>\n<p>&nbsp;<\/p>\n","protected":false},"excerpt":{"rendered":"<p>El mediocampista brasile\u00f1o llegar\u00e1 al Xolaje<\/p>\n","protected":false},"author":20,"featured_media":332534,"comment_status":"closed","ping_status":"closed","sticky":false,"template":"","format":"standard","meta":[],"categories":[2198,3845,5950],"tags":[5974,1673],"_links":{"self":[{"href":"http:\/\/desarrollo.grupomedios.com\/futbol\/wp-json\/wp\/v2\/posts\/344390"}],"collection":[{"href":"http:\/\/desarrollo.grupomedios.com\/futbol\/wp-json\/wp\/v2\/posts"}],"about":[{"href":"http:\/\/desarrollo.grupomedios.com\/futbol\/wp-json\/wp\/v2\/types\/post"}],"author":[{"embeddable":true,"href":"http:\/\/desarrollo.grupomedios.com\/futbol\/wp-json\/wp\/v2\/users\/20"}],"replies":[{"embeddable":true,"href":"http:\/\/desarrollo.grupomedios.com\/futbol\/wp-json\/wp\/v2\/comments?post=344390"}],"version-history":[{"count":0,"href":"http:\/\/desarrollo.grupomedios.com\/futbol\/wp-json\/wp\/v2\/posts\/344390\/revisions"}],"wp:featuredmedia":[{"embeddable":true,"href":"http:\/\/desarrollo.grupomedios.com\/futbol\/wp-json\/wp\/v2\/media\/332534"}],"wp:attachment":[{"href":"http:\/\/desarrollo.grupomedios.com\/futbol\/wp-json\/wp\/v2\/media?parent=344390"}],"wp:term":[{"taxonomy":"category","embeddable":true,"href":"http:\/\/desarrollo.grupomedios.com\/futbol\/wp-json\/wp\/v2\/categories?post=344390"},{"taxonomy":"post_tag","embeddable":true,"href":"http:\/\/desarrollo.grupomedios.com\/futbol\/wp-json\/wp\/v2\/tags?post=344390"}],"curies":[{"name":"wp","href":"https:\/\/api.w.org\/{rel}","templated":true}]}}