{"id":344542,"date":"2015-12-26T13:39:13","date_gmt":"2015-12-26T19:39:13","guid":{"rendered":"http:\/\/futboltotal.com.mx\/?p=344542"},"modified":"2015-12-26T14:31:32","modified_gmt":"2015-12-26T20:31:32","slug":"perdon-el-united-sufre-nueva-derrota","status":"publish","type":"post","link":"http:\/\/desarrollo.grupomedios.com\/futbol\/destacado-home\/perdon-el-united-sufre-nueva-derrota\/2015\/12","title":{"rendered":"Perd\u00f3n, pero\u2026 \u00a1El United sufre nueva derrota!"},"content":{"rendered":"<p>El futuro del holand\u00e9s <b>Louis van Gaal<\/b> como t\u00e9cnico del <b>Manchester United<\/b> es altamente incierto. Y es que este s\u00e1bado, los Red <i>Devils<\/i> sumaron su cuarta derrota consecutiva en partido oficial, esta vez a manos del Stoke por 2-0, en el arranque del Boxing Day en la Liga Premier.<\/p>\n<p>El <b>United<\/b> fue un desorden en la primera mitad, muestra de ello la horrenda intervenci\u00f3n defensiva de Memphis Depay, quien permiti\u00f3 que Bojan Krkic hiciera el 1-0, m\u00e1s tarde Marko Arnautovic marc\u00f3 el segundo gol para el Stoke con un potente disparo desde fuera del \u00e1rea.<\/p>\n<p style=\"text-align: center;\"><span style=\"color: #3366ff;\"><strong><a style=\"color: #3366ff;\" href=\"http:\/\/futboltotal.com.mx\/2015\/12\/puedo-irme-yo-mismo-van-gaal\/\">LEER M\u00c1S: &#8220;Puedo irme yo mismo&#8221;: Van Gaal<\/a><\/strong><\/span><\/p>\n<p>Tan mala imagen dej\u00f3 el <b>Manchester United<\/b> que se escucharon gritos de <i>\u201cMourinho\u2026 Mourinho\u201d<\/i>, entre los seguidores <i>escarlatas<\/i>.<\/p>\n<p>Cabe apuntar que el <b>United<\/b> lleva suma cinco duelos (dos empates y tres derrotas) consecutivos sin ganar en la Premier y no perd\u00eda cuatro encuentros oficiales en fila (tres en liga y uno en Champions) desde 1961.<\/p>\n<p style=\"text-align: center;\"><span style=\"color: #3366ff;\"><strong><a style=\"color: #3366ff;\" href=\"http:\/\/futboltotal.com.mx\/2015\/12\/los-5-pecados-de-van-gaal-con-man-utd\/\">LEER M\u00c1S: Los 5 pecados de Van Gaal con el Manchester United<\/a><\/strong><\/span><\/p>\n<p>Tal situaci\u00f3n coloca a <b>Louis van Gaal<\/b> al borde del despido, despu\u00e9s de una semana de rumores que concluye de la peor manera posible: con una dolorosa derrota en el Boxing Day ante el Stoke. En Inglaterra se da por hecho el acuerdo cerrado entre el <b>Manchester United<\/b> y Jos\u00e9 Mourinho, recientemente despedido por el Chelsea.<\/p>\n<p>El propio Louis Van Gaal, tras caer en el Britannia y sumar cuatro derrotas consecutivas dej\u00f3 entrever que \u00e9l mismo podr\u00eda dimitir ante la situaci\u00f3n del equipo: &#8220;El club no tiene que despedirme, a lo mejor me marcho yo mismo\u201d.<\/p>\n","protected":false},"excerpt":{"rendered":"<p>El cuadro de Van Gaal suma cuatro descalabros en fila<\/p>\n","protected":false},"author":20,"featured_media":344543,"comment_status":"closed","ping_status":"closed","sticky":false,"template":"","format":"standard","meta":[],"categories":[5,3839,3846],"tags":[5957,43,5198],"_links":{"self":[{"href":"http:\/\/desarrollo.grupomedios.com\/futbol\/wp-json\/wp\/v2\/posts\/344542"}],"collection":[{"href":"http:\/\/desarrollo.grupomedios.com\/futbol\/wp-json\/wp\/v2\/posts"}],"about":[{"href":"http:\/\/desarrollo.grupomedios.com\/futbol\/wp-json\/wp\/v2\/types\/post"}],"author":[{"embeddable":true,"href":"http:\/\/desarrollo.grupomedios.com\/futbol\/wp-json\/wp\/v2\/users\/20"}],"replies":[{"embeddable":true,"href":"http:\/\/desarrollo.grupomedios.com\/futbol\/wp-json\/wp\/v2\/comments?post=344542"}],"version-history":[{"count":0,"href":"http:\/\/desarrollo.grupomedios.com\/futbol\/wp-json\/wp\/v2\/posts\/344542\/revisions"}],"wp:featuredmedia":[{"embeddable":true,"href":"http:\/\/desarrollo.grupomedios.com\/futbol\/wp-json\/wp\/v2\/media\/344543"}],"wp:attachment":[{"href":"http:\/\/desarrollo.grupomedios.com\/futbol\/wp-json\/wp\/v2\/media?parent=344542"}],"wp:term":[{"taxonomy":"category","embeddable":true,"href":"http:\/\/desarrollo.grupomedios.com\/futbol\/wp-json\/wp\/v2\/categories?post=344542"},{"taxonomy":"post_tag","embeddable":true,"href":"http:\/\/desarrollo.grupomedios.com\/futbol\/wp-json\/wp\/v2\/tags?post=344542"}],"curies":[{"name":"wp","href":"https:\/\/api.w.org\/{rel}","templated":true}]}}