{"id":344555,"date":"2015-12-26T14:07:54","date_gmt":"2015-12-26T20:07:54","guid":{"rendered":"http:\/\/futboltotal.com.mx\/?p=344555"},"modified":"2015-12-26T14:10:32","modified_gmt":"2015-12-26T20:10:32","slug":"karma-perdon-senor-van-gaal","status":"publish","type":"post","link":"http:\/\/desarrollo.grupomedios.com\/futbol\/videos\/karma-perdon-senor-van-gaal\/2015\/12","title":{"rendered":"KARMA&#8230; \u00a1Perd\u00f3n, se\u00f1or Van Gaal!"},"content":{"rendered":"<p>Tras la derrota de este s\u00e1bado del <strong>Manchester United<\/strong> ante el <strong>Stoke<\/strong>, que represent\u00f3 el\u00a0tercer descalabro consecutivo de los <em>Red Devils<\/em> en la Liga Premier, los aficionados tundieron con todo\u00a0al entrenador holand\u00e9s\u00a0<strong>Louis van Gaal<\/strong>,\u00a0quien podr\u00eda estar viviendo sus \u00faltimas horas al frente del tim\u00f3n <em>escarlata<\/em>.<\/p>\n<p>Infinidad de Memes circularon en torno a la figura de\u00a0<strong>Van Gaal<\/strong>, pero\u00a0el siguiente\u00a0video\u00a0arras\u00f3 en Inglaterra y el mundo:<\/p>\n<p><iframe loading=\"lazy\" src=\"https:\/\/vine.co\/v\/iAUbvgAgvh0\/embed\/simple\" frameborder=\"0\"><\/iframe><\/p>\n<p><script src=\"https:\/\/platform.vine.co\/static\/scripts\/embed.js\"><\/script>El video es una parodia que involucra indirectamente al <strong>Chicharito<\/strong>.\u00a0Y es que el pasado 26 de agosto, despu\u00e9s de que\u00a0<strong>Javier Hern\u00e1ndez<\/strong>, a\u00fan como jugador del <strong>Manchester United<\/strong>, fallara un tiro penal, <a href=\"http:\/\/futboltotal.com.mx\/2015\/08\/asi-reacciono-van-gaal-tras-falla-de-chicharito\/\">la reacci\u00f3n de\u00a0<strong>Louis van Gaal<\/strong>, entrenador de los\u00a0<em>Red Devils<\/em>, no fue la mejor<\/a>: desde el banquillo, el gesto el holand\u00e9s mostr\u00f3 un gesto duro en se\u00f1al de desaprobaci\u00f3n.<\/p>\n<p>Sin embargo, el presente es altamente contraste, para muestra la contundente estad\u00edstica: <\/p>\n<blockquote class=\"twitter-tweet\" lang=\"es\"><p>En sus \u00faltimos 14 partidos oficiales: &gt; Manchester United (plantilla completa): 11 goles &gt; <a href=\"https:\/\/twitter.com\/CH14_\">@CH14_<\/a>: 17 goles \u2014 MisterChip (Alexis) (@2010MisterChip) <a href=\"https:\/\/twitter.com\/2010MisterChip\/status\/680756377904656384\">diciembre 26, 2015<\/a><\/p><\/blockquote>\n<p><script src=\"\/\/platform.twitter.com\/widgets.js\" async=\"\" charset=\"utf-8\"><\/script><\/p>\n<p>La nueva derrota\u00a0coloca a <strong>Louis van Gaal<\/strong> al borde del despido, despu\u00e9s de una semana de rumores que concluye de la peor manera posible: con una dolorosa derrota en el Boxing Day ante el Stoke. En Inglaterra se da por hecho el acuerdo cerrado entre el <strong>Manchester United<\/strong> y Jos\u00e9 Mourinho, recientemente despedido por el Chelsea.<\/p>\n","protected":false},"excerpt":{"rendered":"<p>Un singular video arras\u00f3 en Inglaterra y el mundo<\/p>\n","protected":false},"author":20,"featured_media":344557,"comment_status":"closed","ping_status":"closed","sticky":false,"template":"","format":"standard","meta":[],"categories":[3839,3846,4],"tags":[120,43,5198],"_links":{"self":[{"href":"http:\/\/desarrollo.grupomedios.com\/futbol\/wp-json\/wp\/v2\/posts\/344555"}],"collection":[{"href":"http:\/\/desarrollo.grupomedios.com\/futbol\/wp-json\/wp\/v2\/posts"}],"about":[{"href":"http:\/\/desarrollo.grupomedios.com\/futbol\/wp-json\/wp\/v2\/types\/post"}],"author":[{"embeddable":true,"href":"http:\/\/desarrollo.grupomedios.com\/futbol\/wp-json\/wp\/v2\/users\/20"}],"replies":[{"embeddable":true,"href":"http:\/\/desarrollo.grupomedios.com\/futbol\/wp-json\/wp\/v2\/comments?post=344555"}],"version-history":[{"count":0,"href":"http:\/\/desarrollo.grupomedios.com\/futbol\/wp-json\/wp\/v2\/posts\/344555\/revisions"}],"wp:featuredmedia":[{"embeddable":true,"href":"http:\/\/desarrollo.grupomedios.com\/futbol\/wp-json\/wp\/v2\/media\/344557"}],"wp:attachment":[{"href":"http:\/\/desarrollo.grupomedios.com\/futbol\/wp-json\/wp\/v2\/media?parent=344555"}],"wp:term":[{"taxonomy":"category","embeddable":true,"href":"http:\/\/desarrollo.grupomedios.com\/futbol\/wp-json\/wp\/v2\/categories?post=344555"},{"taxonomy":"post_tag","embeddable":true,"href":"http:\/\/desarrollo.grupomedios.com\/futbol\/wp-json\/wp\/v2\/tags?post=344555"}],"curies":[{"name":"wp","href":"https:\/\/api.w.org\/{rel}","templated":true}]}}