{"id":344644,"date":"2015-12-26T20:19:44","date_gmt":"2015-12-27T02:19:44","guid":{"rendered":"http:\/\/futboltotal.com.mx\/?p=344644"},"modified":"2015-12-26T20:32:48","modified_gmt":"2015-12-27T02:32:48","slug":"344644","status":"publish","type":"post","link":"http:\/\/desarrollo.grupomedios.com\/futbol\/videos\/344644\/2015\/12","title":{"rendered":"Everton gana partido en el \u00faltimo toque"},"content":{"rendered":"<p>El momento m\u00e1s emocionante de todo Boxing Day, fue quiz\u00e1, el cabezazo de <strong>Tom Cleverley<\/strong> al minuto 93 para ganar el partido entre el Everton y Newcastle.<\/p>\n<p>Cleverley, el exManchester United, cabece\u00f3 al marco tras el rechace inicial en el tiro de esquina que provoc\u00f3 Romelu Lukaku.<\/p>\n<p>Este video, tomado directamente desde las gradas de St. James Park es especialmente entretenido ya que se escucha el momento exacto en el que la afici\u00f3n de Newcastle lamenta el gol y la derrota ante los Toffees:<\/p>\n<p><iframe loading=\"lazy\" src=\"https:\/\/www.youtube.com\/embed\/fynWvIbjOy8\" frameborder=\"0\" allowfullscreen=\"allowfullscreen\"><\/iframe><\/p>\n<p>&nbsp;<\/p>\n","protected":false},"excerpt":{"rendered":"<p>El exManchester United clav\u00f3 el gol al final<\/p>\n","protected":false},"author":20,"featured_media":344645,"comment_status":"closed","ping_status":"closed","sticky":false,"template":"","format":"standard","meta":[],"categories":[3839,4],"tags":[219,6622,2844],"_links":{"self":[{"href":"http:\/\/desarrollo.grupomedios.com\/futbol\/wp-json\/wp\/v2\/posts\/344644"}],"collection":[{"href":"http:\/\/desarrollo.grupomedios.com\/futbol\/wp-json\/wp\/v2\/posts"}],"about":[{"href":"http:\/\/desarrollo.grupomedios.com\/futbol\/wp-json\/wp\/v2\/types\/post"}],"author":[{"embeddable":true,"href":"http:\/\/desarrollo.grupomedios.com\/futbol\/wp-json\/wp\/v2\/users\/20"}],"replies":[{"embeddable":true,"href":"http:\/\/desarrollo.grupomedios.com\/futbol\/wp-json\/wp\/v2\/comments?post=344644"}],"version-history":[{"count":0,"href":"http:\/\/desarrollo.grupomedios.com\/futbol\/wp-json\/wp\/v2\/posts\/344644\/revisions"}],"wp:featuredmedia":[{"embeddable":true,"href":"http:\/\/desarrollo.grupomedios.com\/futbol\/wp-json\/wp\/v2\/media\/344645"}],"wp:attachment":[{"href":"http:\/\/desarrollo.grupomedios.com\/futbol\/wp-json\/wp\/v2\/media?parent=344644"}],"wp:term":[{"taxonomy":"category","embeddable":true,"href":"http:\/\/desarrollo.grupomedios.com\/futbol\/wp-json\/wp\/v2\/categories?post=344644"},{"taxonomy":"post_tag","embeddable":true,"href":"http:\/\/desarrollo.grupomedios.com\/futbol\/wp-json\/wp\/v2\/tags?post=344644"}],"curies":[{"name":"wp","href":"https:\/\/api.w.org\/{rel}","templated":true}]}}