{"id":344669,"date":"2015-12-27T10:52:18","date_gmt":"2015-12-27T16:52:18","guid":{"rendered":"http:\/\/futboltotal.com.mx\/?p=344669"},"modified":"2015-12-27T10:52:18","modified_gmt":"2015-12-27T16:52:18","slug":"louis-van-gaal-desaparecido","status":"publish","type":"post","link":"http:\/\/desarrollo.grupomedios.com\/futbol\/futbol-internacional\/louis-van-gaal-desaparecido\/2015\/12","title":{"rendered":"Louis van Gaal\u2026 \u00a1desaparecido!"},"content":{"rendered":"<p><b>Louis van Gaal<\/b> est\u00e1 en la cuerda floja, sin duda. Su continuidad en la direcci\u00f3n del <b>Manchester United<\/b> es altamente incierta, mucho m\u00e1s, luego de que el entrenador holand\u00e9s no se presentara al entrenamiento de este domingo, previo al\u00a0decisivo partido del lunes ante el Chelsea.<\/p>\n<p>Tal situaci\u00f3n ha disparado a\u00fan m\u00e1s las especulaciones.<\/p>\n<p style=\"text-align: center;\"><span style=\"color: #3366ff;\"><strong><a style=\"color: #3366ff;\" href=\"http:\/\/futboltotal.com.mx\/2015\/12\/karma-perdon-senor-van-gaal\/\">LEER M\u00c1S: KARMA\u2026 \u00a1Perd\u00f3n, se\u00f1or Van Gaal!<\/a><\/strong><\/span><\/p>\n<p>La nueva <a href=\"http:\/\/futboltotal.com.mx\/2015\/12\/perdon-el-united-sufre-nueva-derrota\/\">derrota cosechada el s\u00e1bado frente al Stoke City<\/a>, dej\u00f3 a <b>Van Gaal<\/b> a un paso del cese. En ese sentido, se apunta que el partido contra el Chelsea dar\u00eda al t\u00e9cnico una oportunidad m\u00e1s. Sin embargo, su ausencia en el entrenamiento ser\u00eda una se\u00f1al del final de la relaci\u00f3n contractual entre el holand\u00e9s y el <b>United<\/b>.<\/p>\n<p>Medios ingleses apuntan que la sesi\u00f3n fue dirigida por Ryan Giggs, quien funge como auxiliar t\u00e9cnico de <b>Louis van Gaal<\/b>, un hecho que podr\u00eda ser hasta normal si no fuera porque es el entrenamiento previo a un partido decisivo.<\/p>\n<p style=\"text-align: center;\"><span style=\"color: #3366ff;\"><strong><a style=\"color: #3366ff;\" href=\"http:\/\/futboltotal.com.mx\/2015\/12\/puedo-irme-yo-mismo-van-gaal\/\">LEER M\u00c1S: &#8220;Puedo irme yo mismo\u201d: Van Gaal<\/a><\/strong><\/span><\/p>\n<p>Adem\u00e1s, las declaraciones de Van Gaal tras perder frente al Stoke fueron muy desafiantes. \u201cNo hace falta que me echen, quiz\u00e1s soy yo el que se marcha\u201d.<\/p>\n<p>El <b>Manchester United<\/b> se ubica en el sexto puesto de la clasificaci\u00f3n en la <i>Premier League<\/i>, con 29 puntos y a nueve del l\u00edder, el Leicester City. Si pierde este lunes en Old Trafford, ante el Chelsea, igualar\u00e1 un r\u00e9cord negativo de cinco derrotas consecutivas que data de 1936.<\/p>\n","protected":false},"excerpt":{"rendered":"<p>El DT no se present\u00f3 al entrenamiento del Manchester United<\/p>\n","protected":false},"author":20,"featured_media":344670,"comment_status":"closed","ping_status":"closed","sticky":false,"template":"","format":"standard","meta":[],"categories":[3839,3846,5951],"tags":[43,5198],"_links":{"self":[{"href":"http:\/\/desarrollo.grupomedios.com\/futbol\/wp-json\/wp\/v2\/posts\/344669"}],"collection":[{"href":"http:\/\/desarrollo.grupomedios.com\/futbol\/wp-json\/wp\/v2\/posts"}],"about":[{"href":"http:\/\/desarrollo.grupomedios.com\/futbol\/wp-json\/wp\/v2\/types\/post"}],"author":[{"embeddable":true,"href":"http:\/\/desarrollo.grupomedios.com\/futbol\/wp-json\/wp\/v2\/users\/20"}],"replies":[{"embeddable":true,"href":"http:\/\/desarrollo.grupomedios.com\/futbol\/wp-json\/wp\/v2\/comments?post=344669"}],"version-history":[{"count":0,"href":"http:\/\/desarrollo.grupomedios.com\/futbol\/wp-json\/wp\/v2\/posts\/344669\/revisions"}],"wp:featuredmedia":[{"embeddable":true,"href":"http:\/\/desarrollo.grupomedios.com\/futbol\/wp-json\/wp\/v2\/media\/344670"}],"wp:attachment":[{"href":"http:\/\/desarrollo.grupomedios.com\/futbol\/wp-json\/wp\/v2\/media?parent=344669"}],"wp:term":[{"taxonomy":"category","embeddable":true,"href":"http:\/\/desarrollo.grupomedios.com\/futbol\/wp-json\/wp\/v2\/categories?post=344669"},{"taxonomy":"post_tag","embeddable":true,"href":"http:\/\/desarrollo.grupomedios.com\/futbol\/wp-json\/wp\/v2\/tags?post=344669"}],"curies":[{"name":"wp","href":"https:\/\/api.w.org\/{rel}","templated":true}]}}