{"id":344700,"date":"2015-12-27T19:09:30","date_gmt":"2015-12-28T01:09:30","guid":{"rendered":"http:\/\/futboltotal.com.mx\/?p=344700"},"modified":"2015-12-28T10:47:36","modified_gmt":"2015-12-28T16:47:36","slug":"monaco-facilitaria-llegada-de-falcao-al-america","status":"publish","type":"post","link":"http:\/\/desarrollo.grupomedios.com\/futbol\/futbol-mexicano\/monaco-facilitaria-llegada-de-falcao-al-america\/2015\/12","title":{"rendered":"M\u00f3naco facilitar\u00eda llegada de Falcao al Am\u00e9rica"},"content":{"rendered":"<p>El regreso de <strong>Radamel Falcao<\/strong> al M\u00f3naco se ve dificultada para el pr\u00f3ximo enero, por lo que el equipo de la Ligue 1 optar\u00eda por traer a su compa\u00f1ero Loic Remy para el pr\u00f3ximo curso. La situaci\u00f3n, adem\u00e1s, dejar\u00eda al colombiano sin opci\u00f3n en ambos clubes, por lo que se facilitar\u00eda su posible llegada al Am\u00e9rica.<\/p>\n<p>Seg\u00fan L&#8217;Equipe, Falcao declinar\u00eda la opci\u00f3n de regresar al Principiado. M\u00f3naco necesita renovar su ofensiva tras la salida de Anthony Martial en agosto rumbo al Manchester United. El colombiano, quien fue prestado por segunda temporada consecutiva, no ha producido en Chelsea, iniciando dos duelos de Premier League y anotando apenas un gol.<\/p>\n<p style=\"text-align: center;\"><span style=\"color: #3366ff;\"><strong><a style=\"color: #3366ff;\" href=\"http:\/\/futboltotal.com.mx\/2015\/12\/futbol-de-estufa-rumbo-al-clausura-2016\/\" target=\"_blank\">LEER MAS: Todo el Futbol de Estufa, aqu\u00ed<\/a><\/strong><\/span><\/p>\n<p>De momento, en Francia reportan que el mayor impedimiento a la llegada de Remy al M\u00f3naco es su salario, ya que percibe 600,000 euros al mes, cantidad que no quiere pagar el equipo de la Ligue 1.<\/p>\n<p>Ante la dificultad de tener minutos en Chelsea, Am\u00e9rica buscar\u00eda amarrar el fichaje del colombiano para tener un bombazo de mercado rumbo al a\u00f1o de centenario. De no poder consolidar la llegada del atacante sudamericano, se ha mencionado tambi\u00e9n la posible llegada del franc\u00e9s Franck Ribery.<\/p>\n","protected":false},"excerpt":{"rendered":"<p>El atacante colombiano no quiere volver a la Ligue 1<\/p>\n","protected":false},"author":20,"featured_media":296066,"comment_status":"closed","ping_status":"closed","sticky":false,"template":"","format":"standard","meta":[],"categories":[2198,3845],"tags":[5959,4902],"_links":{"self":[{"href":"http:\/\/desarrollo.grupomedios.com\/futbol\/wp-json\/wp\/v2\/posts\/344700"}],"collection":[{"href":"http:\/\/desarrollo.grupomedios.com\/futbol\/wp-json\/wp\/v2\/posts"}],"about":[{"href":"http:\/\/desarrollo.grupomedios.com\/futbol\/wp-json\/wp\/v2\/types\/post"}],"author":[{"embeddable":true,"href":"http:\/\/desarrollo.grupomedios.com\/futbol\/wp-json\/wp\/v2\/users\/20"}],"replies":[{"embeddable":true,"href":"http:\/\/desarrollo.grupomedios.com\/futbol\/wp-json\/wp\/v2\/comments?post=344700"}],"version-history":[{"count":0,"href":"http:\/\/desarrollo.grupomedios.com\/futbol\/wp-json\/wp\/v2\/posts\/344700\/revisions"}],"wp:featuredmedia":[{"embeddable":true,"href":"http:\/\/desarrollo.grupomedios.com\/futbol\/wp-json\/wp\/v2\/media\/296066"}],"wp:attachment":[{"href":"http:\/\/desarrollo.grupomedios.com\/futbol\/wp-json\/wp\/v2\/media?parent=344700"}],"wp:term":[{"taxonomy":"category","embeddable":true,"href":"http:\/\/desarrollo.grupomedios.com\/futbol\/wp-json\/wp\/v2\/categories?post=344700"},{"taxonomy":"post_tag","embeddable":true,"href":"http:\/\/desarrollo.grupomedios.com\/futbol\/wp-json\/wp\/v2\/tags?post=344700"}],"curies":[{"name":"wp","href":"https:\/\/api.w.org\/{rel}","templated":true}]}}