{"id":344743,"date":"2015-12-27T21:20:15","date_gmt":"2015-12-28T03:20:15","guid":{"rendered":"http:\/\/futboltotal.com.mx\/?p=344743"},"modified":"2015-12-27T21:21:54","modified_gmt":"2015-12-28T03:21:54","slug":"belen-rodriguez-la-musa-de-la-serie-a","status":"publish","type":"post","link":"http:\/\/desarrollo.grupomedios.com\/futbol\/galerias\/belen-rodriguez-la-musa-de-la-serie-a\/2015\/12","title":{"rendered":"Bel\u00e9n Rodr\u00edguez, la musa de la Serie A"},"content":{"rendered":"<p>En los \u00faltimos a\u00f1os, la <strong>Serie A<\/strong> perdi\u00f3 el brill\u00f3 a tal grado que m\u00e1s de uno considera que dej\u00f3 de ser una liga top, por eso la modelo <strong>Bel\u00e9n Rodr\u00edguez<\/strong> alguna vez prest\u00f3 su imagen para promocionar el futbol italiano. Si bien la campa\u00f1a no result\u00f3 como se esperaba, la belleza de la argentina qued\u00f3 inmortalizada.<\/p>\n<div id=\"galleryHmg\" style=\"display:none;\"><img alt=\"\" src=\"http:\/\/desarrollo.grupomedios.com\/futbol\/wp-content\/uploads\/2015\/12\/belen-rodriguez-1.jpg\" data-image=\"http:\/\/desarrollo.grupomedios.com\/futbol\/wp-content\/uploads\/2015\/12\/belen-rodriguez-1.jpg\" data-description=\"belen-rodriguez-1\"><img alt=\"\" src=\"http:\/\/desarrollo.grupomedios.com\/futbol\/wp-content\/uploads\/2015\/12\/belen-rodriguez-2.jpg\" data-image=\"http:\/\/desarrollo.grupomedios.com\/futbol\/wp-content\/uploads\/2015\/12\/belen-rodriguez-2.jpg\" data-description=\"belen-rodriguez-2\"><img alt=\"\" src=\"http:\/\/desarrollo.grupomedios.com\/futbol\/wp-content\/uploads\/2015\/12\/belen-rodriguez-3.jpg\" data-image=\"http:\/\/desarrollo.grupomedios.com\/futbol\/wp-content\/uploads\/2015\/12\/belen-rodriguez-3.jpg\" data-description=\"belen-rodriguez-3\"><img alt=\"\" src=\"http:\/\/desarrollo.grupomedios.com\/futbol\/wp-content\/uploads\/2015\/12\/belen-rodriguez-4.jpg\" data-image=\"http:\/\/desarrollo.grupomedios.com\/futbol\/wp-content\/uploads\/2015\/12\/belen-rodriguez-4.jpg\" data-description=\"belen-rodriguez-4\"><img alt=\"\" src=\"http:\/\/desarrollo.grupomedios.com\/futbol\/wp-content\/uploads\/2015\/12\/belen-rodriguez-5.jpg\" data-image=\"http:\/\/desarrollo.grupomedios.com\/futbol\/wp-content\/uploads\/2015\/12\/belen-rodriguez-5.jpg\" data-description=\"belen-rodriguez-5\"><img alt=\"\" src=\"http:\/\/desarrollo.grupomedios.com\/futbol\/wp-content\/uploads\/2015\/12\/belen-rodriguez-6.jpg\" data-image=\"http:\/\/desarrollo.grupomedios.com\/futbol\/wp-content\/uploads\/2015\/12\/belen-rodriguez-6.jpg\" data-description=\"belen-rodriguez-6\"><img alt=\"\" src=\"http:\/\/desarrollo.grupomedios.com\/futbol\/wp-content\/uploads\/2015\/12\/belen-rodriguez-7.jpg\" data-image=\"http:\/\/desarrollo.grupomedios.com\/futbol\/wp-content\/uploads\/2015\/12\/belen-rodriguez-7.jpg\" data-description=\"belen-rodriguez-7\"><img alt=\"\" src=\"http:\/\/desarrollo.grupomedios.com\/futbol\/wp-content\/uploads\/2015\/12\/belen-rodriguez-8.jpg\" data-image=\"http:\/\/desarrollo.grupomedios.com\/futbol\/wp-content\/uploads\/2015\/12\/belen-rodriguez-8.jpg\" data-description=\"belen-rodriguez-8\"><img alt=\"\" src=\"http:\/\/desarrollo.grupomedios.com\/futbol\/wp-content\/uploads\/2015\/12\/belen-rodriguez-9.jpg\" data-image=\"http:\/\/desarrollo.grupomedios.com\/futbol\/wp-content\/uploads\/2015\/12\/belen-rodriguez-9.jpg\" data-description=\"belen-rodriguez-9\"><img alt=\"\" src=\"http:\/\/desarrollo.grupomedios.com\/futbol\/wp-content\/uploads\/2015\/12\/belen-rodriguez-10.jpg\" data-image=\"http:\/\/desarrollo.grupomedios.com\/futbol\/wp-content\/uploads\/2015\/12\/belen-rodriguez-10.jpg\" data-description=\"belen-rodriguez-10\"><\/div>\n        <script>\n        \/\/galeria 1\n        jQuery(document).ready(function(){ \n            var api;\n            api = jQuery(\"#galleryHmg\").unitegallery({\n                carousel_autoplay: false\n            }); \n        });\n        <\/script>\n        \n","protected":false},"excerpt":{"rendered":"<p>La modelo argentina se roba los reflectores italianos <\/p>\n","protected":false},"author":20,"featured_media":344751,"comment_status":"closed","ping_status":"closed","sticky":false,"template":"","format":"standard","meta":[],"categories":[6408,5422,3],"tags":[4166,2033],"_links":{"self":[{"href":"http:\/\/desarrollo.grupomedios.com\/futbol\/wp-json\/wp\/v2\/posts\/344743"}],"collection":[{"href":"http:\/\/desarrollo.grupomedios.com\/futbol\/wp-json\/wp\/v2\/posts"}],"about":[{"href":"http:\/\/desarrollo.grupomedios.com\/futbol\/wp-json\/wp\/v2\/types\/post"}],"author":[{"embeddable":true,"href":"http:\/\/desarrollo.grupomedios.com\/futbol\/wp-json\/wp\/v2\/users\/20"}],"replies":[{"embeddable":true,"href":"http:\/\/desarrollo.grupomedios.com\/futbol\/wp-json\/wp\/v2\/comments?post=344743"}],"version-history":[{"count":0,"href":"http:\/\/desarrollo.grupomedios.com\/futbol\/wp-json\/wp\/v2\/posts\/344743\/revisions"}],"wp:featuredmedia":[{"embeddable":true,"href":"http:\/\/desarrollo.grupomedios.com\/futbol\/wp-json\/wp\/v2\/media\/344751"}],"wp:attachment":[{"href":"http:\/\/desarrollo.grupomedios.com\/futbol\/wp-json\/wp\/v2\/media?parent=344743"}],"wp:term":[{"taxonomy":"category","embeddable":true,"href":"http:\/\/desarrollo.grupomedios.com\/futbol\/wp-json\/wp\/v2\/categories?post=344743"},{"taxonomy":"post_tag","embeddable":true,"href":"http:\/\/desarrollo.grupomedios.com\/futbol\/wp-json\/wp\/v2\/tags?post=344743"}],"curies":[{"name":"wp","href":"https:\/\/api.w.org\/{rel}","templated":true}]}}