{"id":344798,"date":"2015-12-28T11:24:33","date_gmt":"2015-12-28T17:24:33","guid":{"rendered":"http:\/\/futboltotal.com.mx\/?p=344798"},"modified":"2015-12-28T15:06:45","modified_gmt":"2015-12-28T21:06:45","slug":"angel-reyna-jugara-con-veracruz","status":"publish","type":"post","link":"http:\/\/desarrollo.grupomedios.com\/futbol\/futbol-mexicano\/angel-reyna-jugara-con-veracruz\/2015\/12","title":{"rendered":"\u00c1ngel Reyna jugar\u00e1 con Veracruz"},"content":{"rendered":"<p>\u00bfSer\u00e1 broma?\u00a0Este 28 de diciembre, <strong>\u00c1ngel Reyna<\/strong> fue anunciado como nuevo refuerzo del <a href=\"http:\/\/www.futboltotal.com.mx\/equipos\/veracruz\/\" target=\"_blank\"><strong>Veracruz<\/strong><\/a>, a trav\u00e9s de la cuenta de Twitter del conjunto <em>escualo<\/em>, por lo que se pondr\u00eda fin a las especulaciones sobre el destino del mediocampista.<\/p>\n<p>Por ser 28 de diciembre, <em>D\u00eda de los inocentes<\/em>, parecer\u00eda que el fichaje es falso; sin embargo, la cuenta oficial de los <strong>Tiburones Rojos de Veracruz<\/strong> confirm\u00f3 la llegada de <strong>\u00c1ngel Reyna<\/strong>, del mismo modo en que lo hizo con sus otros refuerzos durante el r\u00e9gimen de transferencias de invierno.<\/p>\n<blockquote class=\"twitter-tweet\" lang=\"es\">\n<p dir=\"ltr\" lang=\"es\">\u00a1Bienvenido a casa, <a href=\"https:\/\/twitter.com\/AngelReynaFut\">@AngelReynaFut<\/a>! <a href=\"https:\/\/twitter.com\/hashtag\/SiempreTibur%C3%B3n?src=hash\">#SiempreTibur\u00f3n<\/a> <a href=\"https:\/\/t.co\/bYZvpm466n\">pic.twitter.com\/bYZvpm466n<\/a><\/p>\n<p>\u2014 Tiburones Rojos (@ClubTiburones) <a href=\"https:\/\/twitter.com\/ClubTiburones\/status\/681518302347186177\">diciembre 28, 2015<\/a><\/p><\/blockquote>\n<p><script src=\"\/\/platform.twitter.com\/widgets.js\" async=\"\" charset=\"utf-8\"><\/script><strong>\u00c1ngel Reyna<\/strong> tiene amistad con la familia Kuri, por lo que no ser\u00eda descabellado verlo de nuevo con la camiseta del <strong>Veracruz<\/strong>; y as\u00ed, el mediocampista por fin tendr\u00eda actividad, luego de ser separado de Chivas, primero, por indisciplina, y luego, tras no estar en los planes de Mat\u00edas Almeyda rumbo al Clausura 2016.<\/p>\n<p><span style=\"color: #3366ff;\"><strong><a style=\"color: #3366ff;\" href=\"http:\/\/futboltotal.com.mx\/2015\/12\/guerron-ignoraba-que-era-refuerzo-de-cruz-azul\/\" target=\"_blank\">LEER M\u00c1S: Parece broma, pero Guerr\u00f3n no sab\u00eda de su llegada\u00a0a Cruz Azul<\/a><\/strong><\/span><\/p>\n<p>Fuera de la publicaci\u00f3n de Twitter sobre la llegada de <strong>\u00c1ngel Reyna<\/strong> al <strong>Veracruz<\/strong>, no hab\u00eda pronunciamiento al respecto, por lo que el fichaje parec\u00eda fidedigno, hasta que los <em>Tiburones<\/em> confirmaron lo contrario. <\/p>\n<blockquote class=\"twitter-tweet\" lang=\"es\"><p>Inocentes palomitas que se dejaron enga\u00f1ar <a href=\"https:\/\/twitter.com\/hashtag\/D%C3%ADaDeLosInocentes?src=hash\">#D\u00edaDeLosInocentes<\/a> <a href=\"https:\/\/t.co\/3K753JhZ5A\">pic.twitter.com\/3K753JhZ5A<\/a> \u2014 Tiburones Rojos (@ClubTiburones) <a href=\"https:\/\/twitter.com\/ClubTiburones\/status\/681529742411997184\">diciembre 28, 2015<\/a><\/p><\/blockquote>\n<p><script src=\"\/\/platform.twitter.com\/widgets.js\" async=\"\" charset=\"utf-8\"><\/script><\/p>\n","protected":false},"excerpt":{"rendered":"<p>Los Tiburones anunciaron la llegada del futbolista<\/p>\n","protected":false},"author":20,"featured_media":344900,"comment_status":"closed","ping_status":"closed","sticky":false,"template":"","format":"standard","meta":[],"categories":[2198,3845,5950],"tags":[1659,70,64,6049],"_links":{"self":[{"href":"http:\/\/desarrollo.grupomedios.com\/futbol\/wp-json\/wp\/v2\/posts\/344798"}],"collection":[{"href":"http:\/\/desarrollo.grupomedios.com\/futbol\/wp-json\/wp\/v2\/posts"}],"about":[{"href":"http:\/\/desarrollo.grupomedios.com\/futbol\/wp-json\/wp\/v2\/types\/post"}],"author":[{"embeddable":true,"href":"http:\/\/desarrollo.grupomedios.com\/futbol\/wp-json\/wp\/v2\/users\/20"}],"replies":[{"embeddable":true,"href":"http:\/\/desarrollo.grupomedios.com\/futbol\/wp-json\/wp\/v2\/comments?post=344798"}],"version-history":[{"count":0,"href":"http:\/\/desarrollo.grupomedios.com\/futbol\/wp-json\/wp\/v2\/posts\/344798\/revisions"}],"wp:featuredmedia":[{"embeddable":true,"href":"http:\/\/desarrollo.grupomedios.com\/futbol\/wp-json\/wp\/v2\/media\/344900"}],"wp:attachment":[{"href":"http:\/\/desarrollo.grupomedios.com\/futbol\/wp-json\/wp\/v2\/media?parent=344798"}],"wp:term":[{"taxonomy":"category","embeddable":true,"href":"http:\/\/desarrollo.grupomedios.com\/futbol\/wp-json\/wp\/v2\/categories?post=344798"},{"taxonomy":"post_tag","embeddable":true,"href":"http:\/\/desarrollo.grupomedios.com\/futbol\/wp-json\/wp\/v2\/tags?post=344798"}],"curies":[{"name":"wp","href":"https:\/\/api.w.org\/{rel}","templated":true}]}}