{"id":344830,"date":"2015-12-28T12:27:28","date_gmt":"2015-12-28T18:27:28","guid":{"rendered":"http:\/\/futboltotal.com.mx\/?p=344830"},"modified":"2015-12-30T13:45:48","modified_gmt":"2015-12-30T19:45:48","slug":"aficionado-vende-a-steven-gerrard-en-craigslist","status":"publish","type":"post","link":"http:\/\/desarrollo.grupomedios.com\/futbol\/futbol-internacional\/aficionado-vende-a-steven-gerrard-en-craigslist\/2015\/12","title":{"rendered":"Aficionado &#8220;vende&#8221; a Steven Gerrard en Craigslist"},"content":{"rendered":"<p>El bajo rendimiento del mediocampista ingl\u00e9s<strong> Steven Gerrard<\/strong> no ha pasado desapercibido entre los aficionados del Los Angeles Galaxy, luego de que el club haya quedado r\u00e1pidamente eliminado de la contienda por el t\u00edtulo de MLS que termin\u00f3 ganando Columbus.<\/p>\n<p>La aparente ausencia del exLiverpool en momentos clave motiv\u00f3 a un aficionado a montar un anuncio donde &#8220;vend\u00eda&#8221; al jugador en Craigslist, el sitio de compra y venta online popularmente usado en Estados Unidos.<\/p>\n<p>&#8220;Obt\u00e9n la oferta de tu vida y ven por Steven Gerrard totalmente sin costo,&#8221; lee el falso anuncio. &#8220;Gerrard es un gran elemento para trotar por campos pastosos, aparecer desmotivado en la banca y tiene un talento espec\u00edfico para desgarrar equipos de forma habitual,&#8221; contin\u00faa.<\/p>\n<p>Adem\u00e1s, el anuncio se mofa del episodio en el que Gerrard se resbal\u00f3 en mediacancha para permitir un gol, situaci\u00f3n que eventualmente caus\u00f3 que Liverpool haya quedado fuera de la contienda por el t\u00edtulo.<\/p>\n<p>&#8220;No resbales y consigue a esta pieza digna de museo antes de que lo mandemos de vuelta por el Atl\u00e1ntico,&#8221; termina.<\/p>\n<div id=\"attachment_344836\" style=\"width: 990px\" class=\"wp-caption aligncenter\"><a href=\"http:\/\/futboltotal.com.mx\/wp-content\/uploads\/2015\/12\/1451273022_249208_1451273511_noticia_grande.jpg\"><img aria-describedby=\"caption-attachment-344836\" decoding=\"async\" loading=\"lazy\" class=\"size-full wp-image-344836\" src=\"http:\/\/futboltotal.com.mx\/wp-content\/uploads\/2015\/12\/1451273022_249208_1451273511_noticia_grande.jpg\" alt=\"(Foto: Internet)\" srcset=\"http:\/\/desarrollo.grupomedios.com\/futbol\/wp-content\/uploads\/2015\/12\/1451273022_249208_1451273511_noticia_grande.jpg 980w, http:\/\/desarrollo.grupomedios.com\/futbol\/wp-content\/uploads\/2015\/12\/1451273022_249208_1451273511_noticia_grande-300x167.jpg 300w\" sizes=\"(max-width: 980px) 100vw, 980px\" \/><\/a><p id=\"caption-attachment-344836\" class=\"wp-caption-text\">(Foto: Internet)<\/p><\/div>\n","protected":false},"excerpt":{"rendered":"<p>El mediocampista ingl\u00e9s fue el objeto de una broma pesada<\/p>\n","protected":false},"author":20,"featured_media":330835,"comment_status":"closed","ping_status":"closed","sticky":false,"template":"","format":"standard","meta":[],"categories":[5419,3839],"tags":[195,560],"_links":{"self":[{"href":"http:\/\/desarrollo.grupomedios.com\/futbol\/wp-json\/wp\/v2\/posts\/344830"}],"collection":[{"href":"http:\/\/desarrollo.grupomedios.com\/futbol\/wp-json\/wp\/v2\/posts"}],"about":[{"href":"http:\/\/desarrollo.grupomedios.com\/futbol\/wp-json\/wp\/v2\/types\/post"}],"author":[{"embeddable":true,"href":"http:\/\/desarrollo.grupomedios.com\/futbol\/wp-json\/wp\/v2\/users\/20"}],"replies":[{"embeddable":true,"href":"http:\/\/desarrollo.grupomedios.com\/futbol\/wp-json\/wp\/v2\/comments?post=344830"}],"version-history":[{"count":0,"href":"http:\/\/desarrollo.grupomedios.com\/futbol\/wp-json\/wp\/v2\/posts\/344830\/revisions"}],"wp:featuredmedia":[{"embeddable":true,"href":"http:\/\/desarrollo.grupomedios.com\/futbol\/wp-json\/wp\/v2\/media\/330835"}],"wp:attachment":[{"href":"http:\/\/desarrollo.grupomedios.com\/futbol\/wp-json\/wp\/v2\/media?parent=344830"}],"wp:term":[{"taxonomy":"category","embeddable":true,"href":"http:\/\/desarrollo.grupomedios.com\/futbol\/wp-json\/wp\/v2\/categories?post=344830"},{"taxonomy":"post_tag","embeddable":true,"href":"http:\/\/desarrollo.grupomedios.com\/futbol\/wp-json\/wp\/v2\/tags?post=344830"}],"curies":[{"name":"wp","href":"https:\/\/api.w.org\/{rel}","templated":true}]}}