{"id":344860,"date":"2015-12-28T11:25:38","date_gmt":"2015-12-28T17:25:38","guid":{"rendered":"http:\/\/futboltotal.com.mx\/?p=344860"},"modified":"2015-12-28T13:50:44","modified_gmt":"2015-12-28T19:50:44","slug":"ronaldinho-nuevo-jugador-del-racing","status":"publish","type":"post","link":"http:\/\/desarrollo.grupomedios.com\/futbol\/futbol-internacional\/ronaldinho-nuevo-jugador-del-racing\/2015\/12","title":{"rendered":"Ronaldinho, nuevo jugador del Racing"},"content":{"rendered":"<p>Este lunes, el <strong>Racing Club<\/strong> de Montevideo anunci\u00f3 la contrataci\u00f3n de <strong>Ronaldinho<\/strong>. Y as\u00ed, el astro brasile\u00f1o regresar\u00e1 a la actividad luego de que el pasado mes de septiembre terminara abruptamente su relaci\u00f3n con el Fluminense.<\/p>\n<p>\u201c\u00a1Bienvenido <strong>Ronaldinho<\/strong>! El jugador formar\u00e1 parte del <em>cervecero<\/em> durante el pr\u00f3ximo torneo Clausura\u201d, public\u00f3 el club uruguayo en cuenta de Twitter.<\/p>\n<blockquote class=\"twitter-tweet\" lang=\"es\">\n<p dir=\"ltr\" lang=\"es\">\u00a1Bienvenido Ronaldinho! El jugador formar\u00e1 parte del cervecero durante el pr\u00f3ximo torneo Clausura. <a href=\"https:\/\/t.co\/zwqNrbLPdX\">pic.twitter.com\/zwqNrbLPdX<\/a><\/p>\n<p>\u2014 Racing Club de Mdeo (@RacingClubUru) <a href=\"https:\/\/twitter.com\/RacingClubUru\/status\/681527232439955456\">diciembre 28, 2015<\/a><\/p><\/blockquote>\n<p><script src=\"\/\/platform.twitter.com\/widgets.js\" async=\"\" charset=\"utf-8\"><\/script><\/p>\n<p><strong>Ronaldinho<\/strong>, uno de los mejores futbolistas de los \u00faltimos tiempos que conquist\u00f3 casi todos los t\u00edtulos a los que un jugador puede aspirar, tiene una nueva aspiraci\u00f3n: el campeonato uruguayo.<\/p>\n<p><span style=\"color: #3366ff;\"><strong><a style=\"color: #3366ff;\" href=\"http:\/\/futboltotal.com.mx\/2015\/12\/angel-reyna-jugara-con-veracruz\/\">LEER M\u00c1S: \u00c1ngel Reyna jugar\u00e1 con Veracruz<\/a><\/strong><\/span><\/p>\n<p>\u00bfBroma? El club <em>cervecero <\/em>anunci\u00f3 en su red social la incorporaci\u00f3n del astro brasile\u00f1o para el torneo Clausura. Pero la noticia fue publicada este 28 de diciembre y no es m\u00e1s que una broma por el D\u00eda de los Santos Inocentes.<\/p>\n<p>\u201cGracias a los amigos de Brasil por el trending topic, pero <em>Dinho<\/em> no jugar\u00e1 en Racing, seguir\u00e1 en su club actual\u201d, aclar\u00f3 el propio <strong>Racing Club<\/strong>\u00a0minutos despu\u00e9s de haber anunciado la supuesta bomba.<\/p>\n<blockquote class=\"twitter-tweet\" lang=\"es\"><p>Gracias a los amigos de Brasil por el trending topic, pero &#8220;Dinho&#8221; no jugar\u00e1 en Racing, seguir\u00e1 en su club actual. <a href=\"https:\/\/t.co\/MEpAboLEC6\">pic.twitter.com\/MEpAboLEC6<\/a> \u2014 Racing Club de Mdeo (@RacingClubUru) <a href=\"https:\/\/twitter.com\/RacingClubUru\/status\/681543180932788225\">diciembre 28, 2015<\/a><\/p><\/blockquote>\n<p><script src=\"\/\/platform.twitter.com\/widgets.js\" async=\"\" charset=\"utf-8\"><\/script><\/p>\n","protected":false},"excerpt":{"rendered":"<p>El astro brasile\u00f1o regresar\u00e1 a la actividad<\/p>\n","protected":false},"author":20,"featured_media":344868,"comment_status":"closed","ping_status":"closed","sticky":false,"template":"","format":"standard","meta":[],"categories":[3839,5951],"tags":[5997],"_links":{"self":[{"href":"http:\/\/desarrollo.grupomedios.com\/futbol\/wp-json\/wp\/v2\/posts\/344860"}],"collection":[{"href":"http:\/\/desarrollo.grupomedios.com\/futbol\/wp-json\/wp\/v2\/posts"}],"about":[{"href":"http:\/\/desarrollo.grupomedios.com\/futbol\/wp-json\/wp\/v2\/types\/post"}],"author":[{"embeddable":true,"href":"http:\/\/desarrollo.grupomedios.com\/futbol\/wp-json\/wp\/v2\/users\/20"}],"replies":[{"embeddable":true,"href":"http:\/\/desarrollo.grupomedios.com\/futbol\/wp-json\/wp\/v2\/comments?post=344860"}],"version-history":[{"count":0,"href":"http:\/\/desarrollo.grupomedios.com\/futbol\/wp-json\/wp\/v2\/posts\/344860\/revisions"}],"wp:featuredmedia":[{"embeddable":true,"href":"http:\/\/desarrollo.grupomedios.com\/futbol\/wp-json\/wp\/v2\/media\/344868"}],"wp:attachment":[{"href":"http:\/\/desarrollo.grupomedios.com\/futbol\/wp-json\/wp\/v2\/media?parent=344860"}],"wp:term":[{"taxonomy":"category","embeddable":true,"href":"http:\/\/desarrollo.grupomedios.com\/futbol\/wp-json\/wp\/v2\/categories?post=344860"},{"taxonomy":"post_tag","embeddable":true,"href":"http:\/\/desarrollo.grupomedios.com\/futbol\/wp-json\/wp\/v2\/tags?post=344860"}],"curies":[{"name":"wp","href":"https:\/\/api.w.org\/{rel}","templated":true}]}}