{"id":344921,"date":"2015-12-29T15:52:11","date_gmt":"2015-12-29T21:52:11","guid":{"rendered":"http:\/\/futboltotal.com.mx\/?p=344921"},"modified":"2015-12-30T18:15:44","modified_gmt":"2015-12-31T00:15:44","slug":"10-joyas-mexicanas-calidad-de-exportacion","status":"publish","type":"post","link":"http:\/\/desarrollo.grupomedios.com\/futbol\/destacado-home\/10-joyas-mexicanas-calidad-de-exportacion\/2015\/12","title":{"rendered":"10 joyas mexicanas&#8230; \u00a1Calidad de exportaci\u00f3n!"},"content":{"rendered":"<p>En las \u00faltimas semanas\u00a0se dio a conocer que <a href=\"http:\/\/futboltotal.com.mx\/2015\/12\/ven-a-carlos-salcedo-entre-dos-gigantes-de-europa\/\">Carlos Salcedo tiene grandes posibilidades de emigrar al <strong>futbol de Europa<\/strong><\/a> en el pr\u00f3ximo mercado de verano. Adem\u00e1s, se revelaron los nombres de <a href=\"http:\/\/futboltotal.com.mx\/2015\/12\/jurgen-damm-en-la-mira-del-arsenal-psg-y-sporting\/\">tres equipos europeos interesados en\u00a0Jurgen Damm<\/a>.<\/p>\n<p>Sin duda, en M\u00e9xico hay futbolistas\u00a0j\u00f3venes de alt\u00edsima calidad, elementos que sin complicaciones podr\u00edan dar el salto a las grandes ligas. Por ello, presentamos a\u00a0<strong>10 joyas mexicanas<\/strong> con cualidades para\u00a0jugar en el <strong>futbol de Europa<\/strong>.<\/p>\n<p><strong><span style=\"color: #ff0000;\">Carlos Salcedo<\/span>\u00a0| Chivas &#8211; 22 a\u00f1os |<\/strong>\u00a0Pese a que form\u00f3 parte de las divisiones inferiores\u00a0de Chivas y Tigres, su primera oportunidad en el profesionalismo la encontr\u00f3 en la MLS. Con el Real Salt Lake adquiri\u00f3 experiencia\u00a0y acrecent\u00f3\u00a0su\u00a0talento en el t\u00f3pico defensivo.<\/p>\n<p>En 2015 regres\u00f3\u00a0a Chivas, donde ha mostrado un excelente manejo del juego a\u00e9reo, adem\u00e1s de ser feroz en la marca\u00a0y\u00a0atinado en las coberturas,\u00a0como principal virtud posee\u00a0un liderazgo asombroso.\u00a0En Europa ya se frotan las manos por su capacidad. <a href=\"http:\/\/futboltotal.com.mx\/2015\/12\/ven-a-carlos-salcedo-entre-dos-gigantes-de-europa\/\">Equipos como el PSV de Holanda<\/a> ya preguntaron por la\u00a0disponibilidad del <em>Tit\u00e1n<\/em><strong>\u00a0<\/strong>Salcedo\u00a0y muy pronto podr\u00eda dar el salto al <strong>futbol de Europa<\/strong>.<\/p>\n<p><a href=\"http:\/\/futboltotal.com.mx\/wp-content\/uploads\/2015\/10\/joyas_tri_preolimpico_salcedo.jpg\"><img decoding=\"async\" loading=\"lazy\" class=\"aligncenter size-full wp-image-320849\" src=\"http:\/\/futboltotal.com.mx\/wp-content\/uploads\/2015\/10\/joyas_tri_preolimpico_salcedo.jpg\" alt=\"joyas_tri_preolimpico_salcedo\" srcset=\"http:\/\/desarrollo.grupomedios.com\/futbol\/wp-content\/uploads\/2015\/10\/joyas_tri_preolimpico_salcedo.jpg 820w, http:\/\/desarrollo.grupomedios.com\/futbol\/wp-content\/uploads\/2015\/10\/joyas_tri_preolimpico_salcedo-300x110.jpg 300w\" sizes=\"(max-width: 820px) 100vw, 820px\" \/><\/a><\/p>\n<p><span style=\"color: #ff0000;\"><strong>J\u00fcrgen Damm<\/strong><\/span><strong>\u00a0| Tigres\u00a0&#8211; 23 a\u00f1os |\u00a0<\/strong>En el presente mercado de invierno\u00a0este volante derecho, actual jugador de los Tigres de la UANL,\u00a0<a href=\"http:\/\/futboltotal.com.mx\/2015\/12\/jurgen-damm-en-la-mira-del-arsenal-psg-y-sporting\/\">ha sido vinculado con equipos como el Arsenal, Par\u00eds Saint-Germain y Sporting de Lisboa<\/a>.<\/p>\n<p>La habilidad con la pelota, versatilidad en la cancha y especialmente la velocidad, son su carta de presentaci\u00f3n. Sus bonos han subido luego de que un estudio avalado por la FIFA ubicara a J\u00fcrgen Damm como el segundo jugador m\u00e1s r\u00e1pido del planeta,\u00a0s\u00f3lo detr\u00e1s de Gareth Bale, pero encima de Cristiano Ronaldo y Lionel Messi.<\/p>\n<p>Adem\u00e1s, cabe destacar que Damm, por quien Tigres pag\u00f3 a Pachuca 10 millones de d\u00f3lares, cuenta con\u00a0pasaporte comunitario, lo que le permit\u00eda no\u00a0ocupar plaza de extranjero.<\/p>\n<p style=\"text-align: center;\"><span style=\"color: #3366ff;\"><strong><a style=\"color: #3366ff;\" href=\"http:\/\/futboltotal.com.mx\/2015\/12\/los-mejores-goles-de-la-seleccion-mexicana-en-2015\/\">LEER M\u00c1S: Los mejores goles de la Selecci\u00f3n Mexicana en 2015<\/a><\/strong><\/span><\/p>\n<p><span style=\"color: #ff0000;\"><strong>Ra\u00fal L\u00f3pez<\/strong><\/span><strong>\u00a0| Chivas &#8211; 22 a\u00f1os |<\/strong> Tras debutar con Chivas en 2013 tuvo que regresar a la divisi\u00f3n de ascenso para reforzar su crecimiento. La\u00a0experiencia le sirvi\u00f3 para madurar y en el presente a\u00f1o <a href=\"http:\/\/futboltotal.com.mx\/2015\/12\/las-revelaciones-de-la-liga-mx-en-el-2015\/\">se convirti\u00f3 en una de las revelaciones de la Liga MX<\/a>.<\/p>\n<p>El mediocampista\u00a0tiene un toque de bal\u00f3n privilegiado. Su excelente golpeo es una de sus principales\u00a0armas. T\u00e1cticamente es muy polivalente, desempe\u00f1ando con altas notas cualquier exigencia, principalmente como mediocampista por derecha, aunque tambi\u00e9n puede cambiar de banda y dependiendo del dispositivo indicado, inclusive participa como lateral y hasta\u00a0extremo por el carril diestro.<\/p>\n<p><a href=\"http:\/\/futboltotal.com.mx\/wp-content\/uploads\/2015\/10\/joyas_tri_preolimpico_lopez.jpg\"><img decoding=\"async\" loading=\"lazy\" class=\"aligncenter size-full wp-image-320846\" src=\"http:\/\/futboltotal.com.mx\/wp-content\/uploads\/2015\/10\/joyas_tri_preolimpico_lopez.jpg\" alt=\"joyas_tri_preolimpico_lopez\" srcset=\"http:\/\/desarrollo.grupomedios.com\/futbol\/wp-content\/uploads\/2015\/10\/joyas_tri_preolimpico_lopez.jpg 820w, http:\/\/desarrollo.grupomedios.com\/futbol\/wp-content\/uploads\/2015\/10\/joyas_tri_preolimpico_lopez-300x110.jpg 300w\" sizes=\"(max-width: 820px) 100vw, 820px\" \/><\/a><\/p>\n<p><strong><span style=\"color: #ff0000;\">Orbel\u00edn Pineda<\/span> | Chivas &#8211;\u00a019 a\u00f1os\u00a0<\/strong>| <a href=\"http:\/\/futboltotal.com.mx\/2015\/12\/las-revelaciones-de-la-liga-mx-en-el-2015\/\">Sus primeros pasos\u00a0en la Liga MX -debut\u00f3 el agosto del 2014- resultaron brillantes<\/a>, al grado de que en el presente mercado de invierno fue contratado por las\u00a0Chivas, uno de los cuatro grandes del futbol mexicano.<\/p>\n<p>Es un jugador muy vers\u00e1til. Puede aparecer por las bandas, por el centro, como un enlace entre la media y el ataque. Tiene buena t\u00e9cnica, se mueve bien en el espacio, es habilidoso y tiene buena definici\u00f3n. \u201cHay seguimiento a Orbelin de equipos de M\u00e9xico y Europa\u201d, asegur\u00f3 en alg\u00fan momento Arturo Villanueva, directivo del Quer\u00e9taro, su ex equipo.<\/p>\n<p style=\"text-align: center;\"><span style=\"color: #3366ff;\"><strong><a style=\"color: #3366ff;\" href=\"http:\/\/futboltotal.com.mx\/2015\/12\/pese-a-todo-mexico-es-el-rey-de-concacaf\/\">LEER M\u00c1S: Pese a todo, M\u00e9xico es el Rey de CONCACAF<\/a><\/strong><\/span><\/p>\n<p><strong><span style=\"color: #ff0000;\">Hirving Lozano<\/span>\u00a0| Pachuca &#8211; 20 a\u00f1os |<\/strong>\u00a0Gracias a su habilidad para el desborde, encuentra los c\u00f3digos necesarios para despejar cualquier candado defensivo.\u00a0Siempre buscando la gambeta como principal recurso, es una amenaza completa en el carril izquierdo por su inclinaci\u00f3n por penetrar hacia el centro y su facilidad para el disparo, al quedar con esa maniobra siempre enfilado a su perfil favorito.<\/p>\n<p>Cuenta con gran hambre de gol. Sus n\u00fameros con el <strong>Pachuca<\/strong> hablan por s\u00ed mismos: 13 goles en 68 partidos como profesional, todo, partiendo de mediocampista exterior. Tanto\u00a0\u00e1ngel\u00a0tiene\u00a0el <em>Chucky<\/em>\u00a0<strong>Lozano<\/strong> que en su debut\u00a0<a href=\"https:\/\/www.youtube.com\/watch?v=jk7bo20s-OU\">marc\u00f3 gol en el Azteca para el triunfo<\/a> de los <em>Tuzos<\/em>, con s\u00f3lo 18 a\u00f1os de edad.<\/p>\n<p><a href=\"http:\/\/futboltotal.com.mx\/wp-content\/uploads\/2015\/10\/joyas_tri_preolimpico_lozano.jpg\"><img decoding=\"async\" loading=\"lazy\" class=\"aligncenter size-full wp-image-320847\" src=\"http:\/\/futboltotal.com.mx\/wp-content\/uploads\/2015\/10\/joyas_tri_preolimpico_lozano.jpg\" alt=\"joyas_tri_preolimpico_lozano\" srcset=\"http:\/\/desarrollo.grupomedios.com\/futbol\/wp-content\/uploads\/2015\/10\/joyas_tri_preolimpico_lozano.jpg 820w, http:\/\/desarrollo.grupomedios.com\/futbol\/wp-content\/uploads\/2015\/10\/joyas_tri_preolimpico_lozano-300x110.jpg 300w\" sizes=\"(max-width: 820px) 100vw, 820px\" \/><\/a><\/p>\n<p><strong><span style=\"color: #ff0000;\">Alfonso Gonz\u00e1lez<\/span> | Atlas &#8211;\u00a021 a\u00f1os<\/strong>\u00a0| Este volante zurdo es rapid\u00edsimo, sube y baja con frecuencia, genera juego en el medio campo, tiene buen toque de bal\u00f3n para poner pases exactos y cuenta con gol.<\/p>\n<p>&#8220;En\u00a0Atlas\u00a0quisiera hacer historia y levantar un t\u00edtulo de liga. En selecci\u00f3n\u00a0me visualizo en\u00a0Rusia 2018. Otra meta es jugar en\u00a0Inglaterra\u00a0porque creo que en su futbol r\u00e1pido, explotar\u00eda bien mi rapidez mental y buen toque&#8221;, ha reconocido <em>Ponchito<\/em>, quien debut\u00f3 en Primera Divisi\u00f3n 18 de febrero de 2012.<\/p>\n<p style=\"text-align: center;\"><span style=\"color: #3366ff;\"><strong><a style=\"color: #3366ff;\" href=\"http:\/\/futboltotal.com.mx\/2015\/12\/10-cosas-que-no-esperabas-que-sucedieran-en-2015\/\">LEER M\u00c1S: 10 cosas que no esperabas que sucedieran en 2015<\/a><\/strong><\/span><\/p>\n<p><strong><span style=\"color: #ff0000;\">Erick Guti\u00e9rrez<\/span> | Pachuca &#8211; 20 a\u00f1os\u00a0| <\/strong><em>Guti<\/em> tiene recursos variados desde su puesto primario: en la media de contenci\u00f3n. Cuenta con grandes potestades en el golpeo de media y larga distancia, sus siete\u00a0goles en Primera Divisi\u00f3n\u00a0lo ratifican.<\/p>\n<p>Incansable y de mucha clase, es una de las piezas fundamentales para el proyecto de los\u00a0<em>Tuzos<\/em>. Ofertas en el extranjero no le faltar\u00e1n, de hecho, el pasado mercado de transferencias <a href=\"http:\/\/futboltotal.com.mx\/2015\/09\/udinese-se-interesa-en-erick-gutierrez\/\">era observado por el Udinese italiano<\/a>, un club que cuenta con scouts asombrosos y que regularmente llena de figuras a los m\u00e1s poderosos de Europa, como ejemplo: Alexis S\u00e1nchez.<\/p>\n<p><a href=\"http:\/\/futboltotal.com.mx\/wp-content\/uploads\/2015\/10\/joyas_tri_preolimpico_gutierrez.jpg\"><img decoding=\"async\" loading=\"lazy\" class=\"aligncenter size-full wp-image-320848\" src=\"http:\/\/futboltotal.com.mx\/wp-content\/uploads\/2015\/10\/joyas_tri_preolimpico_gutierrez.jpg\" alt=\"joyas_tri_preolimpico_gutierrez\" srcset=\"http:\/\/desarrollo.grupomedios.com\/futbol\/wp-content\/uploads\/2015\/10\/joyas_tri_preolimpico_gutierrez.jpg 820w, http:\/\/desarrollo.grupomedios.com\/futbol\/wp-content\/uploads\/2015\/10\/joyas_tri_preolimpico_gutierrez-300x110.jpg 300w\" sizes=\"(max-width: 820px) 100vw, 820px\" \/><\/a><\/p>\n<p><strong><span style=\"color: #ff0000;\">Erick Aguirre<\/span> | Morelia &#8211; 18 a\u00f1os |<\/strong>\u00a0&#8220;Dar salida y distribuir la pelota me gusta mucho. Soy un contenci\u00f3n de perfil derecho que se caracteriza por su buen toque y manejo de bal\u00f3n&#8221;, dice el joven sobre sus cualidades futbol\u00edsticas.\u00a0&#8220;Me encanta tenerlo en mis pies y jugarlo con verticalidad. En labores defensivas aprieto fuerte en la marca y busco espacios libres para evitar que sean ocupados por los rivales&#8221;, agrega.<\/p>\n<p>En octubre de 2014 fue\u00a0considerado por\u00a0<em>The Guardian<\/em>\u00a0<a href=\"http:\/\/futboltotal.com.mx\/2014\/10\/erick-aguirre-entre-las-promesas-del-mundo\/\">entre los\u00a040 talentos juveniles\u00a0a nivel mundial<\/a>. Ante ello, Aguirre, quien debut\u00f3 en el Apertura 2014 con <em>Monarcas<\/em> Morelia,\u00a0se dice comprometido.<\/p>\n<p style=\"text-align: center;\"><strong><span style=\"color: #3366ff;\"><a style=\"color: #3366ff;\" href=\"http:\/\/futboltotal.com.mx\/2015\/12\/el-jersey-de-la-seleccion-mexicana-para-2016\/\">LEER M\u00c1S: Relevan posible del jersey del Tri para 2016<\/a><\/span><\/strong><\/p>\n<p><strong><span style=\"color: #ff0000;\">Rodolfo Pizarro<\/span>\u00a0|<\/strong>\u00a0<strong>Pachuca &#8211; 21 a\u00f1os<\/strong> | En su equipo, los <em>Tuzos<\/em> del Pachuca,\u00a0se desempe\u00f1a principalmente como lateral, con ocasionales pasajes en la contenci\u00f3n o como mediocampista exterior.<\/p>\n<p>En tanto, con el <em>Tri<\/em>\u00a0del <em>Potro<\/em>\u00a0Guti\u00e9rrez -ahora ol\u00edmpico- parte como lateral por la izquierda y a pesar de que no es su perfil m\u00e1s utilizado, ha sabido adecuarse a las \u00f3rdenes y destaca por sus sorpresivas apariciones a la ofensiva, pues cuenta con gran destreza en el mano a mano y buen cambio de ritmo.<\/p>\n<p>Pizarro tiene una experiencia brutal, con 21 a\u00f1os a sus espaldas ya super\u00f3 el centenar de actuaciones como profesional.<\/p>\n<p><a href=\"http:\/\/futboltotal.com.mx\/wp-content\/uploads\/2015\/10\/joyas_tri_preolimpico_pizarro.jpg\"><img decoding=\"async\" loading=\"lazy\" class=\"aligncenter size-full wp-image-320850\" src=\"http:\/\/futboltotal.com.mx\/wp-content\/uploads\/2015\/10\/joyas_tri_preolimpico_pizarro.jpg\" alt=\"joyas_tri_preolimpico_pizarro\" srcset=\"http:\/\/desarrollo.grupomedios.com\/futbol\/wp-content\/uploads\/2015\/10\/joyas_tri_preolimpico_pizarro.jpg 820w, http:\/\/desarrollo.grupomedios.com\/futbol\/wp-content\/uploads\/2015\/10\/joyas_tri_preolimpico_pizarro-300x110.jpg 300w\" sizes=\"(max-width: 820px) 100vw, 820px\" \/><\/a><\/p>\n<p><strong><span style=\"color: #ff0000;\">Carlos Fierro<\/span> | Quer\u00e9taro &#8211; 21 a\u00f1os |<\/strong>\u00a0&#8220;Soy un delantero o media punta. Me gusta encarar, hacer picard\u00edas y jugar a espaldas del defensa. En la actualidad juego de extremo, posici\u00f3n en la que tengo que encarar m\u00e1s y ayudar a mis compa\u00f1eros con centros y pases. Soy vers\u00e1til. En donde me pongan debo hacerlo tan bien como si fuera mi posici\u00f3n natural&#8221;, dice el chamaco sobre su\u00a0juego.<\/p>\n<p>&#8220;Deseo pesar m\u00e1s dentro de la cancha. Quiero que cuando los rivales me vean, digan: \u201c\u00a1Ah\u00ed viene este! \u00a1Hay que cuidarlo!\u201d, agrega Fierro, quien\u00a0debut\u00f3 en 2012 con las Chivas y\u00a0en\u00a0ahora, rumbo al Clausura 2016, ser\u00e1 jugador del Quer\u00e9taro.<\/p>\n","protected":false},"excerpt":{"rendered":"<p>Futbolistas con cualidades para jugar en el futbol de Europa<\/p>\n","protected":false},"author":20,"featured_media":345031,"comment_status":"closed","ping_status":"closed","sticky":false,"template":"","format":"standard","meta":[],"categories":[5,2198,3845],"tags":[6626,4545],"_links":{"self":[{"href":"http:\/\/desarrollo.grupomedios.com\/futbol\/wp-json\/wp\/v2\/posts\/344921"}],"collection":[{"href":"http:\/\/desarrollo.grupomedios.com\/futbol\/wp-json\/wp\/v2\/posts"}],"about":[{"href":"http:\/\/desarrollo.grupomedios.com\/futbol\/wp-json\/wp\/v2\/types\/post"}],"author":[{"embeddable":true,"href":"http:\/\/desarrollo.grupomedios.com\/futbol\/wp-json\/wp\/v2\/users\/20"}],"replies":[{"embeddable":true,"href":"http:\/\/desarrollo.grupomedios.com\/futbol\/wp-json\/wp\/v2\/comments?post=344921"}],"version-history":[{"count":0,"href":"http:\/\/desarrollo.grupomedios.com\/futbol\/wp-json\/wp\/v2\/posts\/344921\/revisions"}],"wp:featuredmedia":[{"embeddable":true,"href":"http:\/\/desarrollo.grupomedios.com\/futbol\/wp-json\/wp\/v2\/media\/345031"}],"wp:attachment":[{"href":"http:\/\/desarrollo.grupomedios.com\/futbol\/wp-json\/wp\/v2\/media?parent=344921"}],"wp:term":[{"taxonomy":"category","embeddable":true,"href":"http:\/\/desarrollo.grupomedios.com\/futbol\/wp-json\/wp\/v2\/categories?post=344921"},{"taxonomy":"post_tag","embeddable":true,"href":"http:\/\/desarrollo.grupomedios.com\/futbol\/wp-json\/wp\/v2\/tags?post=344921"}],"curies":[{"name":"wp","href":"https:\/\/api.w.org\/{rel}","templated":true}]}}