{"id":344932,"date":"2016-01-01T18:15:40","date_gmt":"2016-01-02T00:15:40","guid":{"rendered":"http:\/\/futboltotal.com.mx\/?p=344932"},"modified":"2016-01-01T18:57:21","modified_gmt":"2016-01-02T00:57:21","slug":"eligen-a-los-odiados-arrogantes-y-violentos-del-futbol","status":"publish","type":"post","link":"http:\/\/desarrollo.grupomedios.com\/futbol\/futbol-internacional\/eligen-a-los-odiados-arrogantes-y-violentos-del-futbol\/2016\/01","title":{"rendered":"Eligen a los odiados, arrogantes y violentos del futbol"},"content":{"rendered":"<p>Los aficionados al <strong>futbol<\/strong> se vuelven precisamente amantes del deporte gracias a la calidad mostrada por varios jugadores dentro del terreno de juego. Sus goles, sus jugadas, sus t\u00edtulos, son contados por chicos y grandes con tintes, casi heroicos. Pero as\u00ed como existe el bien en cada historia, tambi\u00e9n est\u00e1n los malvados\u00a0que quiere imponerse, y el balompi\u00e9\u00a0tambi\u00e9n cuenta con ese tipo de personajes.<\/p>\n<p>El ser violentos, odiados, arrogantes, mentirosos, hacen que algunos jugadores se ganen la animadversi\u00f3n de los amantes del balompi\u00e9. Sus acciones, a veces, hasta parecen premeditadas; y el diario deportivo franc\u00e9s <em>L\u00b4Equipe<\/em> se encarg\u00f3 de enlistar a aquellos jugadores, considerados <strong>arrogantes<\/strong>, simuladores, <strong>violentos<\/strong> y <strong>odiados<\/strong> dentro del terreno de juego.<\/p>\n<p><span style=\"color: #ff0000;\">Violentos | <\/span><\/p>\n<p><span style=\"color: #ff0000;\">Nigel De Jong |<\/span> El apodado <em>Pitbull<\/em> tiene bien ganado su sobrenombre. El holand\u00e9s se dio a conocer al mundo por su agresi\u00f3n a Xabi Alonso en la final de la Copa del Mundo en el 2010, pero su historial no qued\u00f3 solo en eso. En un juego de la Premier League el mismo a\u00f1o, el franc\u00e9s del Newcastle, Hatem Ben Arfa, tuvo que recibir ox\u00edgeno debido a un <em>shock<\/em>, que sufri\u00f3 por la fractura de tibia y peron\u00e9 en la pierna izquierda, causada por el holand\u00e9s. En dicho a\u00f1o Holanda suspendi\u00f3 de la selecci\u00f3n a De Jong, a la cual regres\u00f3 hasta el 2014.<\/p>\n<p><a href=\"http:\/\/futboltotal.com.mx\/wp-content\/uploads\/2015\/12\/De-Jong.jpg\"><img decoding=\"async\" loading=\"lazy\" class=\"wp-image-344937 size-full aligncenter\" src=\"http:\/\/futboltotal.com.mx\/wp-content\/uploads\/2015\/12\/De-Jong.jpg\" alt=\"De Jong\" srcset=\"http:\/\/desarrollo.grupomedios.com\/futbol\/wp-content\/uploads\/2015\/12\/De-Jong.jpg 820w, http:\/\/desarrollo.grupomedios.com\/futbol\/wp-content\/uploads\/2015\/12\/De-Jong-300x110.jpg 300w\" sizes=\"(max-width: 820px) 100vw, 820px\" \/><\/a><\/p>\n<p><span style=\"color: #ff0000;\">Emir Spahic |<\/span> Montpellier, Sevilla y el Bayer Leverkusen han sufrido las malas actitudes del jugador bosnio, quien parece no aprender de sus errores. 17 juegos de suspensi\u00f3n por un codazo a un rival en su estancia en Francia, golpes y provocaciones a aficionados dentro del equipo espa\u00f1ol, y hasta una agresi\u00f3n a un guardia de seguridad, militando con las <em>Aspirinas<\/em>, lo califican como un muy violento futbolista.<\/p>\n<p><a href=\"http:\/\/futboltotal.com.mx\/wp-content\/uploads\/2015\/12\/Emir-Spahic.jpg\"><img decoding=\"async\" loading=\"lazy\" class=\"wp-image-344941 size-full aligncenter\" src=\"http:\/\/futboltotal.com.mx\/wp-content\/uploads\/2015\/12\/Emir-Spahic.jpg\" alt=\"Emir Spahic\" srcset=\"http:\/\/desarrollo.grupomedios.com\/futbol\/wp-content\/uploads\/2015\/12\/Emir-Spahic.jpg 820w, http:\/\/desarrollo.grupomedios.com\/futbol\/wp-content\/uploads\/2015\/12\/Emir-Spahic-300x110.jpg 300w\" sizes=\"(max-width: 820px) 100vw, 820px\" \/><\/a><\/p>\n<p><span style=\"color: #ff0000;\">Pepe |<\/span> El defensa portugu\u00e9s ha dejado muchas veces mal parado a su equipo, el Real Madrid, ya que todas sus acciones de violencia las ha desarrollado con el conjunto <em>Merengue<\/em>. Lionel Messi ha sufrido un par de pisotones de su parte; Dani Alves se salv\u00f3 de una lesi\u00f3n m\u00e1s grave, por un planchazo sufrido, Javier Casquero \u201coblig\u00f3\u201d a una suspensi\u00f3n de 10 partidos, por una patada en la pierna y otra en la espalda; hasta Arbeloa, su compa\u00f1ero de equipo, tuvo el infortunio de sufrir una patada en la rodilla por parte del \u201c3\u201d madridista.<\/p>\n<p><a href=\"http:\/\/futboltotal.com.mx\/wp-content\/uploads\/2015\/12\/PEPE.jpg\"><img decoding=\"async\" loading=\"lazy\" class=\"wp-image-344942 size-full aligncenter\" src=\"http:\/\/futboltotal.com.mx\/wp-content\/uploads\/2015\/12\/PEPE.jpg\" alt=\"PEPE\" srcset=\"http:\/\/desarrollo.grupomedios.com\/futbol\/wp-content\/uploads\/2015\/12\/PEPE.jpg 820w, http:\/\/desarrollo.grupomedios.com\/futbol\/wp-content\/uploads\/2015\/12\/PEPE-300x110.jpg 300w\" sizes=\"(max-width: 820px) 100vw, 820px\" \/><\/a><\/p>\n<p style=\"text-align: center;\"><strong><span style=\"color: #3366ff;\"><a style=\"color: #3366ff;\" href=\"http:\/\/futboltotal.com.mx\/2015\/12\/10-futbolistas-apodados-como-superheroes\/\">LEER M\u00c1S: 10 futbolistas apodados como superh\u00e9roes<\/a><\/span><\/strong><\/p>\n<p><span style=\"color: #ff0000;\">Arrogantes | <\/span><\/p>\n<p><span style=\"color: #ff0000;\">Zlatan Ibrahimovic |<\/span> Una de las posiblemente mejores muestras de arrogancia que dej\u00f3 en claro Zlatan, seguro fue en su estancia en el Barcelona. Una temporada discreta para el sueco, quien no fue utilizado como \u00e9l hubiera querido, lo hizo manifestarse de una manera, algo ingeniosa: &#8220;No pueden comprar un Ferrari y usarlo como un Fiat&#8221;, tirando la piedra hacia Josep Guardiola, su entonces entrenador.<\/p>\n<p><a href=\"http:\/\/futboltotal.com.mx\/wp-content\/uploads\/2015\/12\/ZLATAN.jpg\"><img decoding=\"async\" loading=\"lazy\" class=\"wp-image-344943 size-full aligncenter\" src=\"http:\/\/futboltotal.com.mx\/wp-content\/uploads\/2015\/12\/ZLATAN.jpg\" alt=\"ZLATAN\" srcset=\"http:\/\/desarrollo.grupomedios.com\/futbol\/wp-content\/uploads\/2015\/12\/ZLATAN.jpg 820w, http:\/\/desarrollo.grupomedios.com\/futbol\/wp-content\/uploads\/2015\/12\/ZLATAN-300x110.jpg 300w\" sizes=\"(max-width: 820px) 100vw, 820px\" \/><\/a><\/p>\n<p><span style=\"color: #ff0000;\">\u00a0Cristiano Ronaldo |<\/span> La calidad mostrada desde ya varios a\u00f1os con el Manchester United, el Real Madrid, la selecci\u00f3n de Portugal, y su eterna rivalidad con Lionel Messi, han hecho que la arrogancia de Cristiano Ronaldo crezca cada vez un poco m\u00e1s. El estar en el ojo de los medios deportivos lo hace estar a expensas de cr\u00edticas en el d\u00eda a d\u00eda, pero el astro portugu\u00e9s lo justifica con una simple frase; \u201cMe envidian porque soy rico, guapo y un buen jugador&#8221;.<\/p>\n<p><a href=\"http:\/\/futboltotal.com.mx\/wp-content\/uploads\/2015\/12\/CR7.jpg\"><img decoding=\"async\" loading=\"lazy\" class=\"wp-image-344944 size-full aligncenter\" src=\"http:\/\/futboltotal.com.mx\/wp-content\/uploads\/2015\/12\/CR7.jpg\" alt=\"CR7\" srcset=\"http:\/\/desarrollo.grupomedios.com\/futbol\/wp-content\/uploads\/2015\/12\/CR7.jpg 820w, http:\/\/desarrollo.grupomedios.com\/futbol\/wp-content\/uploads\/2015\/12\/CR7-300x110.jpg 300w\" sizes=\"(max-width: 820px) 100vw, 820px\" \/><\/a><\/p>\n<p><span style=\"color: #ff0000;\">Samir Nasri |<\/span> Su forma de actuar dentro de los partidos con su equipo, el Manchester City lo han hecho ganarse el repudio de los rivales, y ser criticado por uno que otro fan\u00e1tico de los <em>Citizens<\/em>, pero la \u201cgota que derramo el vaso\u201d se dio cuando se hizo p\u00fablica la lista de 23 jugadores convocados a actuar en la Copa del Mundo Brasil 2014. Nasri no fue convocado, y respondi\u00f3 de esta manera; &#8220;Gracias a todos por sus mensajes de apoyo. De nuevo tendr\u00e9 que ver la Copa del Mundo en casa. As\u00ed es la vida. Lo que no mata te hace m\u00e1s fuerte&#8221;. Minutos despu\u00e9s, su pareja tuvo un altercado con el entrenador Didier Deschamps. Desde el 2014 est\u00e1 alejado de la selecci\u00f3n.<\/p>\n<p><a href=\"http:\/\/futboltotal.com.mx\/wp-content\/uploads\/2015\/12\/Nasri.jpg\"><img decoding=\"async\" loading=\"lazy\" class=\"wp-image-344945 size-full aligncenter\" src=\"http:\/\/futboltotal.com.mx\/wp-content\/uploads\/2015\/12\/Nasri.jpg\" alt=\"Nasri\" srcset=\"http:\/\/desarrollo.grupomedios.com\/futbol\/wp-content\/uploads\/2015\/12\/Nasri.jpg 820w, http:\/\/desarrollo.grupomedios.com\/futbol\/wp-content\/uploads\/2015\/12\/Nasri-300x110.jpg 300w\" sizes=\"(max-width: 820px) 100vw, 820px\" \/><\/a><\/p>\n<p><span style=\"color: #ff0000;\">Patrice Evra |<\/span> La selecci\u00f3n francesa es la que se ha visto m\u00e1s perjudicada por la fama de \u201carrogante&#8221; de Patrice Evra. Su huelga en pleno mundial de Sud\u00e1frica 2010, donde dej\u00f3 de apoyar a Raymond Domenech, fue una clara muestra de ello. Adem\u00e1s, se ha dicho que en su papel de capit\u00e1n de <em>Les Bleus<\/em> ha tomado actitudes d\u00e9spotas hacia sus compa\u00f1eros.<\/p>\n<p><a href=\"http:\/\/futboltotal.com.mx\/wp-content\/uploads\/2015\/12\/Evra.jpg\"><img decoding=\"async\" loading=\"lazy\" class=\"wp-image-344946 size-full aligncenter\" src=\"http:\/\/futboltotal.com.mx\/wp-content\/uploads\/2015\/12\/Evra.jpg\" alt=\"Evra\" srcset=\"http:\/\/desarrollo.grupomedios.com\/futbol\/wp-content\/uploads\/2015\/12\/Evra.jpg 820w, http:\/\/desarrollo.grupomedios.com\/futbol\/wp-content\/uploads\/2015\/12\/Evra-300x110.jpg 300w\" sizes=\"(max-width: 820px) 100vw, 820px\" \/><\/a><\/p>\n<p><span style=\"color: #ff0000;\">Odiados | <\/span><\/p>\n<p><span style=\"color: #ff0000;\">Diego Costa |<\/span> El delantero del Chelsea ha logrado ganarse la animadversi\u00f3n de todos los jugadores y aficionados que se presentan a verlo \u201cAgrede, provoca y muestra su agresividad para ser odiado\u201d ese es el concepto con el que reconocen a Costa, quien, adem\u00e1s de odiado, ha dado signos de violencia. La muestra m\u00e1s clara est\u00e1 en el insult\u00f3 a Geoffrey Kondogbia del Sevilla y cabece\u00f3 a Mohamed Sissoko del Levante; ambas situaciones en su estancia en el Atl\u00e9tico de Madrid.<\/p>\n<p><a href=\"http:\/\/futboltotal.com.mx\/wp-content\/uploads\/2015\/12\/costa.jpg\"><img decoding=\"async\" loading=\"lazy\" class=\"wp-image-344947 size-full aligncenter\" src=\"http:\/\/futboltotal.com.mx\/wp-content\/uploads\/2015\/12\/costa.jpg\" alt=\"costa\" srcset=\"http:\/\/desarrollo.grupomedios.com\/futbol\/wp-content\/uploads\/2015\/12\/costa.jpg 820w, http:\/\/desarrollo.grupomedios.com\/futbol\/wp-content\/uploads\/2015\/12\/costa-300x110.jpg 300w\" sizes=\"(max-width: 820px) 100vw, 820px\" \/><\/a><\/p>\n<p><span style=\"color: #ff0000;\">Simuladores | <\/span><\/p>\n<p><span style=\"color: #ff0000;\">Sergio Busquets |<\/span> Dentro del futbol existe la mala pr\u00e1ctica de buscar enga\u00f1ar al \u00e1rbitro para poder obtener cierto tipo de ventaja; pero muchas de esas pr\u00e1cticas, en varias ocasiones caen en lo exagerado. Un caso muy claro es el de Sergio Busquets quien, jugando para el Barcelona siempre ha buscado enga\u00f1ar al \u00e1rbitro de manera, para muchos demasiado obvia. La m\u00e1s reconocida fue en un partido de Champions League, donde logr\u00f3 hacer que expulsaran a Thiago Motta. &#8220;Teatrero no es la palabra, es ser inteligente. Soy un tipo normal en este aspecto, un tipo normal. Todos los que estamos en esto sabemos c\u00f3mo funciona el f\u00fatbol y cu\u00e1l es la realidad&#8221;, se justific\u00f3 en alguna ocasi\u00f3n.<\/p>\n<p><a href=\"http:\/\/futboltotal.com.mx\/wp-content\/uploads\/2015\/12\/Busquets.jpg\"><img decoding=\"async\" loading=\"lazy\" class=\"wp-image-344948 size-full aligncenter\" src=\"http:\/\/futboltotal.com.mx\/wp-content\/uploads\/2015\/12\/Busquets.jpg\" alt=\"Busquets\" srcset=\"http:\/\/desarrollo.grupomedios.com\/futbol\/wp-content\/uploads\/2015\/12\/Busquets.jpg 820w, http:\/\/desarrollo.grupomedios.com\/futbol\/wp-content\/uploads\/2015\/12\/Busquets-300x110.jpg 300w\" sizes=\"(max-width: 820px) 100vw, 820px\" \/><\/a><\/p>\n","protected":false},"excerpt":{"rendered":"<p>Muchos de ellos son m\u00e1s reconocidos por sus actitudes, que por su calidad<\/p>\n","protected":false},"author":20,"featured_media":345763,"comment_status":"closed","ping_status":"closed","sticky":false,"template":"","format":"standard","meta":[],"categories":[3839,5951],"tags":[6013,6627,6628,5127,6031,6629,6059],"_links":{"self":[{"href":"http:\/\/desarrollo.grupomedios.com\/futbol\/wp-json\/wp\/v2\/posts\/344932"}],"collection":[{"href":"http:\/\/desarrollo.grupomedios.com\/futbol\/wp-json\/wp\/v2\/posts"}],"about":[{"href":"http:\/\/desarrollo.grupomedios.com\/futbol\/wp-json\/wp\/v2\/types\/post"}],"author":[{"embeddable":true,"href":"http:\/\/desarrollo.grupomedios.com\/futbol\/wp-json\/wp\/v2\/users\/20"}],"replies":[{"embeddable":true,"href":"http:\/\/desarrollo.grupomedios.com\/futbol\/wp-json\/wp\/v2\/comments?post=344932"}],"version-history":[{"count":0,"href":"http:\/\/desarrollo.grupomedios.com\/futbol\/wp-json\/wp\/v2\/posts\/344932\/revisions"}],"wp:featuredmedia":[{"embeddable":true,"href":"http:\/\/desarrollo.grupomedios.com\/futbol\/wp-json\/wp\/v2\/media\/345763"}],"wp:attachment":[{"href":"http:\/\/desarrollo.grupomedios.com\/futbol\/wp-json\/wp\/v2\/media?parent=344932"}],"wp:term":[{"taxonomy":"category","embeddable":true,"href":"http:\/\/desarrollo.grupomedios.com\/futbol\/wp-json\/wp\/v2\/categories?post=344932"},{"taxonomy":"post_tag","embeddable":true,"href":"http:\/\/desarrollo.grupomedios.com\/futbol\/wp-json\/wp\/v2\/tags?post=344932"}],"curies":[{"name":"wp","href":"https:\/\/api.w.org\/{rel}","templated":true}]}}