{"id":345006,"date":"2015-12-29T10:11:53","date_gmt":"2015-12-29T16:11:53","guid":{"rendered":"http:\/\/futboltotal.com.mx\/?p=345006"},"modified":"2015-12-29T10:16:45","modified_gmt":"2015-12-29T16:16:45","slug":"oscar-ustari-causa-baja-del-atlas","status":"publish","type":"post","link":"http:\/\/desarrollo.grupomedios.com\/futbol\/futbol-mexicano\/oscar-ustari-causa-baja-del-atlas\/2015\/12","title":{"rendered":"\u00d3scar Ustari, causa baja del Atlas por lesi\u00f3n"},"content":{"rendered":"<p>A\u00fan no comienza el <strong><a href=\"http:\/\/futboltotal.com.mx\/futbol-mexicano\/\">Clausura 2016<\/a><\/strong>, y las malas noticias ya comenzaron a rondar en el conjunto de los <em>Zorros<\/em> del <strong>Atlas<\/strong>. El portero <strong>\u00d3scar Ustari<\/strong> sufri\u00f3 una lesi\u00f3n en la rodilla derecha, y el club ha confirmado que no podr\u00e1 formar parte del plantel, durante el arranque del torneo.<\/p>\n<p>El reporte m\u00e9dico que dio a conocer el club, informa que el cancerbero argentino present\u00f3 la molestia\u00a0en los entrenamientos del pasado lunes, la cual deriv\u00f3 en una lesi\u00f3n en el menisco, por lo que el guardameta requiri\u00f3 de una intervenci\u00f3n quir\u00fargica.<\/p>\n<p>\u201cInformamos que en la pr\u00e1ctica celebrada el d\u00eda de ayer en las instalaciones de la Madriguera Rojinegra, nuestro portero <strong>\u00d3scar Ustari<\/strong> sufri\u00f3 una lesi\u00f3n en la rodilla derecha, por lo cual fue sometido a un estudio que dio como resultado una lesi\u00f3n en el menisco.\u201d<\/p>\n<p style=\"text-align: center;\"><strong><span style=\"color: #3366ff;\"><a style=\"color: #3366ff;\" href=\"http:\/\/futboltotal.com.mx\/2015\/12\/atlas-refuerza-al-rival-de-pumas-en-la-libertadores\/\">LEER M\u00c1S: Atlas refuerza a rival de Pumas en la Libertadores<\/a><\/span><\/strong><\/p>\n<p>\u201cEsta situaci\u00f3n oblig\u00f3 a que este lunes el guardameta argentino fuera intervenido quir\u00fargicamente, cirug\u00eda que fue exitosa. \u00d3scar iniciar\u00e1 su periodo de rehabilitaci\u00f3n en los pr\u00f3ximos d\u00edas y se espera que vuelva a trabajar al parejo del equipo en un periodo de cuatro a seis semanas\u201d. Es el reporte m\u00e9dico que da a conocer el club a trav\u00e9s de su p\u00e1gina web.<\/p>\n<p>Dicho periodo de recuperaci\u00f3n har\u00e1 que <strong>\u00d3scar Ustari<\/strong> se pierda, al menos, toda la actividad de los <em>rojinegros<\/em> en el mes de enero, por lo que su primera aparici\u00f3n en la meta de los <em>Zorros<\/em> se dar\u00eda el 7 de febrero, en la jornada 5, cuando el conjunto del <strong>Atlas<\/strong> visite a la <em>Franja<\/em> del Puebla.<\/p>\n","protected":false},"excerpt":{"rendered":"<p>Los Rojinegros no podr\u00e1n contar con el argentino en el arranque del torneo<\/p>\n","protected":false},"author":20,"featured_media":345009,"comment_status":"closed","ping_status":"closed","sticky":false,"template":"","format":"standard","meta":[],"categories":[2198,3845,5950],"tags":[5961,6630,4934,3154],"_links":{"self":[{"href":"http:\/\/desarrollo.grupomedios.com\/futbol\/wp-json\/wp\/v2\/posts\/345006"}],"collection":[{"href":"http:\/\/desarrollo.grupomedios.com\/futbol\/wp-json\/wp\/v2\/posts"}],"about":[{"href":"http:\/\/desarrollo.grupomedios.com\/futbol\/wp-json\/wp\/v2\/types\/post"}],"author":[{"embeddable":true,"href":"http:\/\/desarrollo.grupomedios.com\/futbol\/wp-json\/wp\/v2\/users\/20"}],"replies":[{"embeddable":true,"href":"http:\/\/desarrollo.grupomedios.com\/futbol\/wp-json\/wp\/v2\/comments?post=345006"}],"version-history":[{"count":0,"href":"http:\/\/desarrollo.grupomedios.com\/futbol\/wp-json\/wp\/v2\/posts\/345006\/revisions"}],"wp:featuredmedia":[{"embeddable":true,"href":"http:\/\/desarrollo.grupomedios.com\/futbol\/wp-json\/wp\/v2\/media\/345009"}],"wp:attachment":[{"href":"http:\/\/desarrollo.grupomedios.com\/futbol\/wp-json\/wp\/v2\/media?parent=345006"}],"wp:term":[{"taxonomy":"category","embeddable":true,"href":"http:\/\/desarrollo.grupomedios.com\/futbol\/wp-json\/wp\/v2\/categories?post=345006"},{"taxonomy":"post_tag","embeddable":true,"href":"http:\/\/desarrollo.grupomedios.com\/futbol\/wp-json\/wp\/v2\/tags?post=345006"}],"curies":[{"name":"wp","href":"https:\/\/api.w.org\/{rel}","templated":true}]}}