{"id":345014,"date":"2015-12-29T11:01:17","date_gmt":"2015-12-29T17:01:17","guid":{"rendered":"http:\/\/futboltotal.com.mx\/?p=345014"},"modified":"2015-12-29T11:01:17","modified_gmt":"2015-12-29T17:01:17","slug":"watford-un-gran-aliado-de-memo-ochoa","status":"publish","type":"post","link":"http:\/\/desarrollo.grupomedios.com\/futbol\/destacado-home\/watford-un-gran-aliado-de-memo-ochoa\/2015\/12","title":{"rendered":"Watford, \u00bfun gran aliado de Memo Ochoa?"},"content":{"rendered":"<p>El <strong>Watford<\/strong> busca la contrataci\u00f3n del portero camerun\u00e9s <strong>Carlos Kameni<\/strong> en el presente mercado de invierno. La informaci\u00f3n surge de Espa\u00f1a y se agrega que la opci\u00f3n seduce al portero titular del M\u00e1laga, quien desea iniciar una aventura en la <em>Premier League<\/em>.<\/p>\n<p>De darse el fichaje, uno de los grandes beneficiados ser\u00eda <strong>Memo\u00a0Ochoa<\/strong>, quien no ha podido robarle ni un solo minuto a <strong>Kameni<\/strong> en el torneo de liga desde que el portero mexicano arribo a la Liga espa\u00f1ola.<\/p>\n<p style=\"text-align: center;\"><strong><span style=\"color: #3366ff;\"><a style=\"color: #3366ff;\" href=\"http:\/\/futboltotal.com.mx\/2015\/12\/guillermo-ochoa-despide-ano-gris-en-el-malaga\/\">LEER M\u00c1S: Memo Ochoa, las dos caras de la moneda<\/a><\/span><\/strong><\/p>\n<p>Sobre la operaci\u00f3n, se apunta que el <strong>Watford<\/strong> no descarta pagar la cl\u00e1usula de rescisi\u00f3n de <strong>Carlos Kameni<\/strong>. Situaci\u00f3n que se dice no representar\u00eda inconvenientes, pues en el verano de 2014 el portero camerun\u00e9s exigi\u00f3 una reducci\u00f3n considerable en el importe de su cl\u00e1usula (se cifra por debajo del mill\u00f3n de euros) justo para que fuera asequible.<\/p>\n<p>Sin embargo, se apunta que el M\u00e1laga intentar\u00e1 retener a\u00a0<strong>Kameni<\/strong>, pieza clave del proyecto <em>blanquiazul<\/em> y uno de los bastiones de Javi Gracia dentro del campo y tambi\u00e9n en el vestuario.<\/p>\n<p style=\"text-align: center;\"><span style=\"color: #3366ff;\"><strong><a style=\"color: #3366ff;\" href=\"http:\/\/futboltotal.com.mx\/2015\/12\/se-acabo-la-temporada-para-guillermo-ochoa\/\">LEER M\u00c1S: Se acab\u00f3 la temporada para Guillermo Ochoa<\/a><\/strong><\/span><\/p>\n<p>\u00bf<strong>Watford<\/strong> ser\u00e1 un gran aliado de <strong>Memo Ochoa<\/strong>? De concretarse el fichaje de <strong>Carlos Kameni<\/strong>. Y es que\u00a0el portero mexicano \u00fanicamente ha visto actividad en la Copa del Rey (s\u00f3lo 8 partidos) desde su arribo al M\u00e1laga, en el verano del 2014.<\/p>\n","protected":false},"excerpt":{"rendered":"<p>El cuadro ingl\u00e9s busca la contrataci\u00f3n de Carlos Kameni<\/p>\n","protected":false},"author":20,"featured_media":345017,"comment_status":"closed","ping_status":"closed","sticky":false,"template":"","format":"standard","meta":[],"categories":[5,3839,3844],"tags":[679,4545],"_links":{"self":[{"href":"http:\/\/desarrollo.grupomedios.com\/futbol\/wp-json\/wp\/v2\/posts\/345014"}],"collection":[{"href":"http:\/\/desarrollo.grupomedios.com\/futbol\/wp-json\/wp\/v2\/posts"}],"about":[{"href":"http:\/\/desarrollo.grupomedios.com\/futbol\/wp-json\/wp\/v2\/types\/post"}],"author":[{"embeddable":true,"href":"http:\/\/desarrollo.grupomedios.com\/futbol\/wp-json\/wp\/v2\/users\/20"}],"replies":[{"embeddable":true,"href":"http:\/\/desarrollo.grupomedios.com\/futbol\/wp-json\/wp\/v2\/comments?post=345014"}],"version-history":[{"count":0,"href":"http:\/\/desarrollo.grupomedios.com\/futbol\/wp-json\/wp\/v2\/posts\/345014\/revisions"}],"wp:featuredmedia":[{"embeddable":true,"href":"http:\/\/desarrollo.grupomedios.com\/futbol\/wp-json\/wp\/v2\/media\/345017"}],"wp:attachment":[{"href":"http:\/\/desarrollo.grupomedios.com\/futbol\/wp-json\/wp\/v2\/media?parent=345014"}],"wp:term":[{"taxonomy":"category","embeddable":true,"href":"http:\/\/desarrollo.grupomedios.com\/futbol\/wp-json\/wp\/v2\/categories?post=345014"},{"taxonomy":"post_tag","embeddable":true,"href":"http:\/\/desarrollo.grupomedios.com\/futbol\/wp-json\/wp\/v2\/tags?post=345014"}],"curies":[{"name":"wp","href":"https:\/\/api.w.org\/{rel}","templated":true}]}}