{"id":345028,"date":"2015-12-29T12:14:54","date_gmt":"2015-12-29T18:14:54","guid":{"rendered":"http:\/\/futboltotal.com.mx\/?p=345028"},"modified":"2015-12-29T12:16:21","modified_gmt":"2015-12-29T18:16:21","slug":"layun-con-positivo-mensaje-en-redes","status":"publish","type":"post","link":"http:\/\/desarrollo.grupomedios.com\/futbol\/futbol-internacional\/layun-con-positivo-mensaje-en-redes\/2015\/12","title":{"rendered":"Lay\u00fan, con positivo mensaje en redes"},"content":{"rendered":"<p>En tan solo un a\u00f1o, el mexicano Miguel <strong>Lay\u00fan<\/strong> pas\u00f3 de las cr\u00edticas a las alabanzas. El lateral del <strong>Porto<\/strong> del Portugal aprovech\u00f3\u00a0sus redes sociales, y dejo ver su agradecimiento por todo lo que le ha sucedido en su traves\u00eda en Europa, coron\u00e1ndola con el liderato con el conjunto de los <em>Dragones<\/em>.<\/p>\n<p>En un mensaje dado a conocer en su cuenta oficial de <em>Twitter<\/em>, el ex americanista expres\u00f3 en pocas palabras, su sentimiento por todo lo vivido en el a\u00f1o que termina, resaltando el hecho de que todo lo bueno que le ha sucedido, es porque se ha logrado levantar de las ca\u00eddas que tuvo.<\/p>\n<blockquote class=\"twitter-tweet\" width=\"500\">\n<p lang=\"pt\" dir=\"ltr\">&quot;AS MELHORES COISAS ACONTECEM PARA QUEM SE LEVANTA E FAZ&#8230;&quot; hoje <a href=\"https:\/\/twitter.com\/hashtag\/Ta%C3%A7aDaLiga?src=hash\">#Ta\u00e7aDaLiga<\/a> <a href=\"https:\/\/twitter.com\/hashtag\/SomosPorto?src=hash\">#SomosPorto<\/a> <a href=\"https:\/\/t.co\/K3U8DtRwEu\">pic.twitter.com\/K3U8DtRwEu<\/a><\/p>\n<p>&mdash; Miguel Layun (@Miguel_layun) <a href=\"https:\/\/twitter.com\/Miguel_layun\/status\/681816086917070848\">December 29, 2015<\/a><\/p><\/blockquote>\n<p><script async src=\"\/\/platform.twitter.com\/widgets.js\" charset=\"utf-8\"><\/script><\/p>\n<p>Hay que recordar que <strong>Lay\u00fan<\/strong> logr\u00f3 el campeonato en el Apertura 2014 con las <em>\u00c1guilas<\/em> del Am\u00e9rica, e inmediatamente despu\u00e9s se hizo oficial su fichaje al Granada de Espa\u00f1a; situaci\u00f3n que lo hicieron objeto de cr\u00edticas, por haber emigrado a un club sin mayores aspiraciones.<\/p>\n<p>Casi al instante se dio su pr\u00e9stamo al Watford de la Segunda Divisi\u00f3n de Inglaterra, y en seis meses demostr\u00f3 su calidad, ayudando al club a ascender a la Premier League. Sus actuaciones llamaron la atenci\u00f3n del <strong>Porto<\/strong>, quien consigui\u00f3 su cesi\u00f3n por una temporada, y apenas en media campa\u00f1a\u00a0ha conseguido tres anotaciones y nueve asistencias en 17 partidos, tanto en la Liga como en la Champions League.<\/p>\n<p style=\"text-align: center;\"><strong><span style=\"color: #3366ff;\"><a style=\"color: #3366ff;\" href=\"http:\/\/futboltotal.com.mx\/2015\/12\/gran-cierre-de-herrera-tecatito-y-layun-con-fc-porto\/\">LEER M\u00c1S: Gran cierre de Herrera, Tecatito y Lay\u00fan con el FC Porto<\/a><\/span><\/strong><\/p>\n<p>Con el Porto como l\u00edder de la Liga de Portugal, todo parece indicar que se vienen m\u00e1s \u00e9xitos para Miguel <strong>Lay\u00fan<\/strong> en el segundo semestre con el plantel, por lo que de seguro veremos m\u00e1s mensajes de este estilo, por parte del mexicano.<\/p>\n","protected":false},"excerpt":{"rendered":"<p>El mexicano se encuentra motivado por su temporada con Porto<\/p>\n","protected":false},"author":20,"featured_media":330991,"comment_status":"closed","ping_status":"closed","sticky":false,"template":"","format":"standard","meta":[],"categories":[3839,5951],"tags":[2153,1035,584],"_links":{"self":[{"href":"http:\/\/desarrollo.grupomedios.com\/futbol\/wp-json\/wp\/v2\/posts\/345028"}],"collection":[{"href":"http:\/\/desarrollo.grupomedios.com\/futbol\/wp-json\/wp\/v2\/posts"}],"about":[{"href":"http:\/\/desarrollo.grupomedios.com\/futbol\/wp-json\/wp\/v2\/types\/post"}],"author":[{"embeddable":true,"href":"http:\/\/desarrollo.grupomedios.com\/futbol\/wp-json\/wp\/v2\/users\/20"}],"replies":[{"embeddable":true,"href":"http:\/\/desarrollo.grupomedios.com\/futbol\/wp-json\/wp\/v2\/comments?post=345028"}],"version-history":[{"count":0,"href":"http:\/\/desarrollo.grupomedios.com\/futbol\/wp-json\/wp\/v2\/posts\/345028\/revisions"}],"wp:featuredmedia":[{"embeddable":true,"href":"http:\/\/desarrollo.grupomedios.com\/futbol\/wp-json\/wp\/v2\/media\/330991"}],"wp:attachment":[{"href":"http:\/\/desarrollo.grupomedios.com\/futbol\/wp-json\/wp\/v2\/media?parent=345028"}],"wp:term":[{"taxonomy":"category","embeddable":true,"href":"http:\/\/desarrollo.grupomedios.com\/futbol\/wp-json\/wp\/v2\/categories?post=345028"},{"taxonomy":"post_tag","embeddable":true,"href":"http:\/\/desarrollo.grupomedios.com\/futbol\/wp-json\/wp\/v2\/tags?post=345028"}],"curies":[{"name":"wp","href":"https:\/\/api.w.org\/{rel}","templated":true}]}}