{"id":345116,"date":"2015-12-29T16:04:36","date_gmt":"2015-12-29T22:04:36","guid":{"rendered":"http:\/\/futboltotal.com.mx\/?p=345116"},"modified":"2015-12-30T09:20:26","modified_gmt":"2015-12-30T15:20:26","slug":"raul-jimenez-despide-el-ano-con-gol","status":"publish","type":"post","link":"http:\/\/desarrollo.grupomedios.com\/futbol\/videos\/raul-jimenez-despide-el-ano-con-gol\/2015\/12","title":{"rendered":"Ra\u00fal Jim\u00e9nez despide el a\u00f1o con gol"},"content":{"rendered":"<p><iframe loading=\"lazy\" src=\"https:\/\/www.youtube.com\/embed\/ysl0SpMwxZE\" frameborder=\"0\" allowfullscreen=\"allowfullscreen\"><\/iframe><\/p>\n<p><strong>Ra\u00fal Jim\u00e9nez<\/strong> entr\u00f3 de cambio al minuto 77. Y 12\u00a0minutos despu\u00e9s se despach\u00f3\u00a0con\u00a0su primer tanto en la Copa de la Liga de Portugal. Con ello,\u00a0el <strong>Benfica<\/strong> venci\u00f3\u00a01-0 al Nacional de Madeira, en duelo correspondiente al Grupo B, en el Estadio de la Luz.<\/p>\n<p>El delantero mexicano<b>\u00a0<\/b>marc\u00f3 su quinto tanto con la camiseta del Benfica, escuadra con la que adem\u00e1s suma\u00a0dos asistencias en 807 minutos disputados.<\/p>\n","protected":false},"excerpt":{"rendered":"<p>Con tanto del mexicano, Benfica gana en Copa de la Liga<\/p>\n","protected":false},"author":20,"featured_media":345117,"comment_status":"closed","ping_status":"closed","sticky":false,"template":"","format":"standard","meta":[],"categories":[3839,4],"tags":[4545,742],"_links":{"self":[{"href":"http:\/\/desarrollo.grupomedios.com\/futbol\/wp-json\/wp\/v2\/posts\/345116"}],"collection":[{"href":"http:\/\/desarrollo.grupomedios.com\/futbol\/wp-json\/wp\/v2\/posts"}],"about":[{"href":"http:\/\/desarrollo.grupomedios.com\/futbol\/wp-json\/wp\/v2\/types\/post"}],"author":[{"embeddable":true,"href":"http:\/\/desarrollo.grupomedios.com\/futbol\/wp-json\/wp\/v2\/users\/20"}],"replies":[{"embeddable":true,"href":"http:\/\/desarrollo.grupomedios.com\/futbol\/wp-json\/wp\/v2\/comments?post=345116"}],"version-history":[{"count":0,"href":"http:\/\/desarrollo.grupomedios.com\/futbol\/wp-json\/wp\/v2\/posts\/345116\/revisions"}],"wp:featuredmedia":[{"embeddable":true,"href":"http:\/\/desarrollo.grupomedios.com\/futbol\/wp-json\/wp\/v2\/media\/345117"}],"wp:attachment":[{"href":"http:\/\/desarrollo.grupomedios.com\/futbol\/wp-json\/wp\/v2\/media?parent=345116"}],"wp:term":[{"taxonomy":"category","embeddable":true,"href":"http:\/\/desarrollo.grupomedios.com\/futbol\/wp-json\/wp\/v2\/categories?post=345116"},{"taxonomy":"post_tag","embeddable":true,"href":"http:\/\/desarrollo.grupomedios.com\/futbol\/wp-json\/wp\/v2\/tags?post=345116"}],"curies":[{"name":"wp","href":"https:\/\/api.w.org\/{rel}","templated":true}]}}