{"id":345129,"date":"2015-12-31T08:00:25","date_gmt":"2015-12-31T14:00:25","guid":{"rendered":"http:\/\/futboltotal.com.mx\/?p=345129"},"modified":"2015-12-30T21:27:25","modified_gmt":"2015-12-31T03:27:25","slug":"100-sucesos-del-2015","status":"publish","type":"post","link":"http:\/\/desarrollo.grupomedios.com\/futbol\/destacado-home\/100-sucesos-del-2015\/2015\/12","title":{"rendered":"100 sucesos del 2015"},"content":{"rendered":"<p>El a\u00f1o 2015 lleg\u00f3 a su fin. Los amantes del <strong>futbol<\/strong> disfrutamos ver a M\u00e9xico retomar el mandato de la\u00a0CONCACAF y clasificarse a la Copa Confederaciones de 2017. Nos sorprendimos cuando supimos que en la Liga MX ver\u00edamos jugar a un <em>crack<\/em> europeo en plenitud y no en decadencia, como hab\u00eda ocurrido antes.\u00a0Fuera de nuestra fronteras vimos a Chile ser campe\u00f3n por primera vez en la Copa Am\u00e9rica, luego de 37 participaciones. Y desde Europa, fuimos maravillados por tres astros que llevaron al Barcelona a conseguir un triplete.<\/p>\n<p>Por ello, presentamos los <strong>100 sucesos\u00a0m\u00e1s significativos del\u00a02015<\/strong>&#8230;<\/p>\n<p><span style=\"color: #ff0000;\"><strong>ENERO<\/strong><\/span><\/p>\n<p><strong>1<\/strong> | Viernes 2 | El adi\u00f3s de <em>Stevie<\/em> | El mediocampista ingl\u00e9s Steven Gerrard anunci\u00f3 por anticipado su salida del Liverpool al final de la temporada 2014-15, luego de 17 a\u00f1os durante los cuales gan\u00f3 10 t\u00edtulos.<\/p>\n<p><strong>2<\/strong> | Viernes 9 | Regreso a Europa | El defensa mexicano <a href=\"http:\/\/futboltotal.com.mx\/2015\/01\/miguel-layun-fue-presentado-con-el-watford\/\">Miguel Lay\u00fan fue presentando con el Watford de Inglaterra<\/a>, equipo que lo firm\u00f3 con un contrato de cuatro a\u00f1os y medio.<\/p>\n<p><strong>3<\/strong> | Domingo 11 | <em>Lio<\/em> es hist\u00f3rico | La Liga de Futbol Profesional entreg\u00f3 a Lionel Messi el trofeo al m\u00e1ximo goleador en su historia con 253 goles, superando los 251 que Telmo Zarra alcanz\u00f3 en 1955.<\/p>\n<p><strong>4<\/strong> | Lunes 12 | Triplete de <em>CR7<\/em> | Cristiano Ronaldo fue galardonado con el Bal\u00f3n de Oro de 2014. Tres t\u00edtulos y 60 goles con el Real Madrid le valieron al portugu\u00e9s su tercer reconocimiento como el Mejor Jugador del mundo.<\/p>\n<p><strong>5<\/strong> | S\u00e1bado 17 | Los 400 de <em>Chuy<\/em> | Jes\u00fas Corona, portero del Cruz Azul, complet\u00f3 ante el Santos <a href=\"http:\/\/futboltotal.com.mx\/2015\/01\/jesus-corona-cumplio-400-partidos-en-primera-division\/\">400 juegos disputados en Primera Divisi\u00f3n<\/a> desde su debut en 2003 con el Atlas.<\/p>\n<p><strong>6<\/strong> | <span style=\"color: #800000;\">LO M\u00c1S VISTO en\u00a0<strong>FT.com<\/strong><\/span> | Mi\u00e9rcoles 21 | <a href=\"http:\/\/futboltotal.com.mx\/2015\/01\/memo-ochoa-se-queda-en-el-malaga\/\">Termin\u00f3 la incertidumbre<\/a>\u00a0|\u00a0El\u00a0<strong>M\u00e1laga<\/strong>\u00a0defini\u00f3 el futuro de\u00a0<strong>Guillermo Ochoa<\/strong>: el\u00a0portero mexicano seguir\u00eda\u00a0en el equipo hasta el pr\u00f3ximo verano.<\/p>\n<p><strong>7<\/strong> | Lunes 26 | Condecoran a <em>Didi<\/em> | El delantero marfile\u00f1o Didier Drogba fue homenajeado por la Asociaci\u00f3n de Periodistas Deportivos de Inglaterra por su contribuci\u00f3n al futbol de ese pa\u00eds.<\/p>\n<p><strong>8<\/strong> | Jueves 29 | Rumbo a Grecia | El delantero mexicano Alan Pulido anunci\u00f3 su incorporaci\u00f3n al Levadiakos de Grecia, luego de pasar ocho meses de inactividad en Tigres.<\/p>\n<p><span style=\"color: #ff0000;\"><strong>FEBRERO<\/strong><\/span><\/p>\n<p><strong>9<\/strong> |\u00a0Viernes 6 |\u00a0No es Verde |\u00a0<a href=\"http:\/\/10 grandes momentos en la carrera del Chicharito\">Chicharito\u00a0Hern\u00e1ndez<\/a> denunci\u00f3 en redes sociales el uso no autorizado de su imagen para una campa\u00f1a electoral en la ciudad de Cuernavaca, Morelos.<\/p>\n<p><strong>10<\/strong>\u00a0|\u00a0S\u00e1bado 7 |\u00a0Fiesta <em>Colchonera<\/em> |\u00a0<a href=\"http:\/\/futboltotal.com.mx\/2015\/02\/atletico-aniquila-al-real-madrid\/\">El Atl\u00e9tico de Madrid gole\u00f3 al Real Madrid 4-0 en el estadio Vicente Calder\u00f3n<\/a>. Los <em>Colchoneros<\/em> no igualaban ese resultado en la historia del derbi madrile\u00f1o desde la temporada 1987-88.<\/p>\n<p><strong>11<\/strong> |\u00a0Domingo 8 |\u00a0Reinan los <em>Elefantes<\/em> |\u00a0Costa de Marfil se consagr\u00f3 campeona de la Copa de \u00c1frica, luego de derrotar a Ghana 9-8 en tanda de penales tras un empate sin goles. Los <em>Elefantes<\/em> no ganaban el torneo continental desde 1992.<\/p>\n<p><strong>12<\/strong> |\u00a0Martes 10 |\u00a0Son\u00f3 a racismo |\u00a0Arrigo Sacchi, exentrenador del Mil\u00e1n, caus\u00f3 pol\u00e9mica tras lamentar que en las categor\u00edas inferiores del futbol italiano participan \u201cdemasiados jugadores negros y extranjeros\u201d.<\/p>\n<p><strong>13<\/strong>\u00a0|\u00a0<span style=\"color: #800000;\">LO M\u00c1S VISTO\u00a0en\u00a0<strong>FT.com<\/strong><\/span> |\u00a0Martes 10 |\u00a0<a href=\"http:\/\/futboltotal.com.mx\/2015\/02\/ronaldinho-saldra-de-gallos-en-verano\/\">Seducen a <em>Dinho<\/em><\/a> | El presidente del Kabuscorp\u00a0angole\u00f1o\u00a0revel\u00f3 que negociaba el fichaje del astro brasile\u00f1o Ronaldinho, en ese momento jugador de <em>Gallos Blancos<\/em> del Quer\u00e9taro.<\/p>\n<p><strong>14<\/strong> |\u00a0Lunes 16 |\u00a0El <em>Turco<\/em> regresa |\u00a0La directiva del Monterrey present\u00f3 al argentino Antonio Mohamed como el nuevo t\u00e9cnico del plantel en sustituci\u00f3n de Carlos Barra. El <em>Turco<\/em> jug\u00f3 para los <em>Rayados<\/em> de 1998 a 2000.<\/p>\n<p><strong>15<\/strong> |\u00a0Martes 17 |\u00a0<em>Vasco<\/em>, en la mira |\u00a0La Fiscal\u00eda Anticorrupci\u00f3n de Espa\u00f1a se\u00f1al\u00f3 que el t\u00e9cnico mexicano <a href=\"http:\/\/futboltotal.com.mx\/2015\/02\/aguirre-involucrado-en-otro-supuesto-amano-en-espana\/\">Javier Aguirre fue investigado por un supuesto arreglo en el partido<\/a> de Osasuna contra Espanyol en la campa\u00f1a 2013-14.<\/p>\n<p><strong>16<\/strong> |\u00a0<span style=\"color: #800000;\">LO M\u00c1S VISTO\u00a0en\u00a0<strong>FT.com<\/strong><\/span>\u00a0| S\u00e1bado\u00a021\u00a0| <a href=\"http:\/\/futboltotal.com.mx\/2015\/02\/cristiano-ronaldo-enfrentaria-serios-problemas-comerciales\/\">Cristiano, \u00bfen problemas comerciales?<\/a>\u00a0| Nike, la firma deportiva que patrocina al\u00a0<i>crack\u00a0<\/i>portugu\u00e9s, amenaz\u00f3 con no permitirle que lanzara\u00a0su nueva marca de calzado.<\/p>\n<p><span style=\"color: #ff0000;\"><strong>MARZO<\/strong><\/span><\/p>\n<p><strong>17<\/strong> |\u00a0Domingo 1 |\u00a0Resurge <em>Mou<\/em> |\u00a0Jos\u00e9 Mourinho levant\u00f3 la Copa de la liga inglesa tras el triunfo del Chelsea en la Final por 2-0 ante el Tottenham Hotspur. Este fue el primer t\u00edtulo para el t\u00e9cnico portugu\u00e9s en su segunda etapa al frente de los <em>Blues<\/em>.<\/p>\n<p><strong>18<\/strong> |\u00a0Mi\u00e9rcoles 4 |\u00a0Buen comportamiento |\u00a0Miguel Herrera, entonces t\u00e9cnico de la Selecci\u00f3n Mexicana, fue designado como embajador de la \u201cNo Violencia en el Deporte\u201d por la fundaci\u00f3n <em>Non Violence Project<\/em>.<\/p>\n<p><strong>19<\/strong> |\u00a0S\u00e1bado 7 |\u00a0Postulan a <em>Cuau<\/em> |\u00a0El Partido Socialdem\u00f3crata oficializ\u00f3 como candidato a la <a href=\"http:\/\/futboltotal.com.mx\/2015\/03\/oficial-cuauhtemoc-blanco-candidato-por-el-psd\/\">alcald\u00eda de Cuernavaca a Cuauht\u00e9moc Blanco<\/a>, que a\u00fan jugaba para el Puebla.<\/p>\n<p><strong>20<\/strong> |\u00a0Lunes 9 |\u00a0Nuevo rumbo |\u00a0En su debut con el Levadiakos de la Primera Divisi\u00f3n del futbol griego, Alan Pulido anot\u00f3 un gol en el triunfo por 3-1 sobre el Platanias.<\/p>\n<p><strong>21<\/strong> |\u00a0Mi\u00e9rcoles 11 |\u00a0Se fue <em>Cachavacha<\/em> |\u00a0El delantero Diego Forl\u00e1n anunci\u00f3 su retiro de la selecci\u00f3n de Uruguay, para la que jug\u00f3 112 partidos y anot\u00f3 36 goles a partir de su debut en 2002.<\/p>\n<p><strong>22<\/strong> |\u00a0Jueves 12 |\u00a0El 20 del <em>Loco<\/em> |\u00a0El atacante uruguayo <a href=\"http:\/\/futboltotal.com.mx\/2015\/03\/sebastian-loco-abreu-tiene-nuevo-equipo\/\">Sebasti\u00e1n Abreu fich\u00f3 por un trimestre con el Aucas de Ecuador<\/a>. Para el <em>Loco<\/em> este fue su vig\u00e9simo club profesional, desde su debut con el Defensor Sporting de su pa\u00eds en 1994.<\/p>\n<p><strong>23<\/strong> |\u00a0Domingo 15 |\u00a0Tributo al <em>Principito<\/em> |\u00a0Previo a un partido en el Philips Stadion, <a href=\"http:\/\/futboltotal.com.mx\/2015\/03\/andres-guardado-es-idolo-en-el-psv\/\">aficionados del PSV formaron un mosaico verde, blanco y rojo<\/a> en el que mostraron una manta con la leyenda \u201cNuestra \u00e1guila de oro mexicana\u201d en honor a Andr\u00e9s Guardado.<\/p>\n<p><strong>24<\/strong> |\u00a0<span style=\"color: #800000;\">LO M\u00c1S VISTO\u00a0en\u00a0<strong>FT.com<\/strong><\/span>\u00a0| S\u00e1bado\u00a021\u00a0| <a href=\"http:\/\/futboltotal.com.mx\/2015\/03\/matosas-habria-presentado-renuncia-en-america\/\">\u00bfRenuncia Matosas?<\/a> |\u00a0Luego del\u00a0<a href=\"http:\/\/www.futboltotal.com.mx\/2015\/03\/resultado-liga-mx-veracruz-4-0-america\/\" target=\"_blank\">4-0 que se llev\u00f3\u00a0Am\u00e9rica\u00a0de la cancha del Veracruz,<\/a>\u00a0fuentes cercanas a las\u00a0<em>\u00c1guilas<\/em>\u00a0dieron a conocer que el t\u00e9cnico Gustavo Matosas present\u00f3 su renuncia al t\u00e9rmino del partido.<\/p>\n<p><span style=\"color: #ff0000;\"><strong>ABRIL<\/strong><\/span><\/p>\n<p><strong>25<\/strong>\u00a0| <span style=\"color: #800000;\">LO M\u00c1S VISTO\u00a0en\u00a0<strong>FT.com<\/strong><\/span>\u00a0|\u00a0Lunes 6 | <a href=\"http:\/\/futboltotal.com.mx\/2015\/04\/guardado-vive-lo-que-nunca-imagino\/\">Guardado vive lo que nunca imagin\u00f3<\/a> |\u00a0La\u00a0aventura de\u00a0Andr\u00e9s Guardado\u00a0con el\u00a0PSV\u00a0est\u00e1 llena de matices que le han dado un valor significativo tanto en el plano deportivo como a nivel personal.<\/p>\n<p><strong>26<\/strong>\u00a0|\u00a0Mi\u00e9rcoles 15 |\u00a0Se despidi\u00f3 <em>Kloppo<\/em>\u00a0| El t\u00e9cnico alem\u00e1n J\u00fcrgen Kloop anunci\u00f3 su decisi\u00f3n de dejar el banquillo del Borussia Dortmund al final de la campa\u00f1a 2014-15. <em>Kloopo<\/em> gan\u00f3 cinco t\u00edtulos con el club teut\u00f3n tras su arribo en 2008.<\/p>\n<p><strong>27<\/strong>\u00a0|\u00a0Martes 21 |\u00a0Hasta siempre, <em>Cuau<\/em>\u00a0| <a href=\"http:\/\/futboltotal.com.mx\/2015\/04\/cuauhtemoc-blanco-se-despide-como-campeon-de-copa-mx\/\">Cuauht\u00e9moc Blanco se retir\u00f3 del futbol profesional como campe\u00f3n de la Copa MX<\/a>, tras el triunfo del Puebla por 4-2 sobre el Guadalajara en la Final.<\/p>\n<p><strong>28<\/strong>\u00a0|\u00a0Mi\u00e9rcoles 22 |\u00a0<em>CH14<\/em> h\u00e9roe |\u00a0<a href=\"http:\/\/futboltotal.com.mx\/2015\/12\/chicharito-firma-su-mejor-ano-goleador\/\">Chicharito Hern\u00e1ndez meti\u00f3 al Real Madrid a las semifinales de la <em>Champions <\/em>2014-15<\/a>, tras anotarle al Atl\u00e9tico de Madrid el \u00fanico gol de la eliminatoria de cuartos de final.<\/p>\n<p><strong>29\u00a0|\u00a0<span style=\"color: #800000;\">LO M\u00c1S VISTO\u00a0en\u00a0<strong>FT.com<\/strong><\/span><\/strong>\u00a0|\u00a0Domingo 26\u00a0| <a href=\"http:\/\/futboltotal.com.mx\/2015\/04\/van-gaal-descarta-regreso-de-chicharito\/\">El holand\u00e9s le cerr\u00f3 las puertas a <em>CH14<\/em><\/a>\u00a0|\u00a0Ni con goles ni\u00a0buenas actuaciones,\u00a0Javier Hern\u00e1ndez\u00a0pudo convencer a\u00a0Louis van Gaal, t\u00e9cnico del\u00a0Manchester United, de la calidad que tiene como jugador.<\/p>\n<p><strong>30<\/strong>\u00a0|\u00a0Mi\u00e9rcoles 29 |\u00a0Campe\u00f3n de zona |\u00a0El Am\u00e9rica se adjudic\u00f3 el t\u00edtulo de la Liga de Campeones de la Concacaf 2014-15, luego de vencer 4-2 al <em>Impact<\/em> en el estadio Ol\u00edmpico de Montreal. El marcador global de la final fue 5-3.<\/p>\n<p><a href=\"http:\/\/futboltotal.com.mx\/2015\/12\/100-sucesos-del-2015\/\">PRIMERA\u00a0ENTREGA<\/a><\/p>\n<p><a href=\"http:\/\/futboltotal.com.mx\/2015\/12\/100-sucesos-del-2015-2\/\">SEGUNDA ENTREGA<\/a><\/p>\n<p><a href=\"http:\/\/futboltotal.com.mx\/2015\/12\/100-sucesos-del-2015-3\/\">TERCERA ENTREGA<\/a><\/p>\n","protected":false},"excerpt":{"rendered":"<p>Los hechos m\u00e1s significativos del a\u00f1o | ENERO &#8211; ABRIL<\/p>\n","protected":false},"author":20,"featured_media":345145,"comment_status":"closed","ping_status":"closed","sticky":false,"template":"","format":"standard","meta":[],"categories":[5,3839,2198],"tags":[4545],"_links":{"self":[{"href":"http:\/\/desarrollo.grupomedios.com\/futbol\/wp-json\/wp\/v2\/posts\/345129"}],"collection":[{"href":"http:\/\/desarrollo.grupomedios.com\/futbol\/wp-json\/wp\/v2\/posts"}],"about":[{"href":"http:\/\/desarrollo.grupomedios.com\/futbol\/wp-json\/wp\/v2\/types\/post"}],"author":[{"embeddable":true,"href":"http:\/\/desarrollo.grupomedios.com\/futbol\/wp-json\/wp\/v2\/users\/20"}],"replies":[{"embeddable":true,"href":"http:\/\/desarrollo.grupomedios.com\/futbol\/wp-json\/wp\/v2\/comments?post=345129"}],"version-history":[{"count":0,"href":"http:\/\/desarrollo.grupomedios.com\/futbol\/wp-json\/wp\/v2\/posts\/345129\/revisions"}],"wp:featuredmedia":[{"embeddable":true,"href":"http:\/\/desarrollo.grupomedios.com\/futbol\/wp-json\/wp\/v2\/media\/345145"}],"wp:attachment":[{"href":"http:\/\/desarrollo.grupomedios.com\/futbol\/wp-json\/wp\/v2\/media?parent=345129"}],"wp:term":[{"taxonomy":"category","embeddable":true,"href":"http:\/\/desarrollo.grupomedios.com\/futbol\/wp-json\/wp\/v2\/categories?post=345129"},{"taxonomy":"post_tag","embeddable":true,"href":"http:\/\/desarrollo.grupomedios.com\/futbol\/wp-json\/wp\/v2\/tags?post=345129"}],"curies":[{"name":"wp","href":"https:\/\/api.w.org\/{rel}","templated":true}]}}