{"id":345130,"date":"2015-12-30T10:00:29","date_gmt":"2015-12-30T16:00:29","guid":{"rendered":"http:\/\/futboltotal.com.mx\/?p=345130"},"modified":"2015-12-30T11:20:15","modified_gmt":"2015-12-30T17:20:15","slug":"futbolistas-relegados-por-el-tuca-en-tigres","status":"publish","type":"post","link":"http:\/\/desarrollo.grupomedios.com\/futbol\/futbol-mexicano\/futbolistas-relegados-por-el-tuca-en-tigres\/2015\/12","title":{"rendered":"Los relegados del Tuca en Tigres"},"content":{"rendered":"<p>Los<a href=\"http:\/\/futboltotal.com.mx\/equipos\/tigres\/\"><strong> Tigres<\/strong> de la UANL<\/a> causaron sensaci\u00f3n durante el R\u00e9gimen de Transferencias del verano de 2015, por los fichajes millonarios que realiz\u00f3 de cara al torneo de Apertura, y que al final, le rindieron positivamente,\u00a0pues obtuvieron el t\u00edtulo.<\/p>\n<p>Sin embargo, para poder lograr dicho reconocimiento, el <em>Tuca<\/em> Ferretti, entrenador del cuadro <em>felino<\/em>,\u00a0tuvo que prescindir de futbolistas de calidad, que anteriormente le hab\u00edan dado resultados a los <strong>Tigres<\/strong>.<\/p>\n<p>Estos son los cuatro futbolistas relegados por el <em>Tuca<\/em> Ferretti en<strong> Tigres<\/strong>, durante el Apertura 2015<\/p>\n<p><span style=\"color: #ff0000;\"><strong>Enrique Esqueda<\/strong><\/span> | El delantero mexicano demostr\u00f3 ser un buen elemento para Tigres durante el 2015, pues al menos en la primera mitad del a\u00f1o logr\u00f3 anotar seis goles, dos en liga y cuatro en Libertadores; esos tantos en el certamen continental, le permitieron a los <strong>Tigres<\/strong>\u00a0obtener resultados positivos, que lo colocaron en los Octavos de Final de la justa.<\/p>\n<p>Tras la llegada de Andr\u00e9-Pierre Gignac y los nuevos volantes ofensivos de <strong>Tigres<\/strong>, el delantero comenz\u00f3 a perder minutos, incluso en Concachampions, al grado de sumar s\u00f3lo tres partidos entre Liga MX y Liga de Campeones de la CONCACAF.<\/p>\n<p><a href=\"http:\/\/futboltotal.com.mx\/wp-content\/uploads\/2015\/12\/relegados-tigres-enrique-esqueda.jpg\"><img decoding=\"async\" loading=\"lazy\" class=\"alignnone size-full wp-image-345147\" src=\"http:\/\/futboltotal.com.mx\/wp-content\/uploads\/2015\/12\/relegados-tigres-enrique-esqueda.jpg\" alt=\"relegados-tigres-enrique-esqueda\" srcset=\"http:\/\/desarrollo.grupomedios.com\/futbol\/wp-content\/uploads\/2015\/12\/relegados-tigres-enrique-esqueda.jpg 820w, http:\/\/desarrollo.grupomedios.com\/futbol\/wp-content\/uploads\/2015\/12\/relegados-tigres-enrique-esqueda-300x110.jpg 300w\" sizes=\"(max-width: 820px) 100vw, 820px\" \/><\/a><\/p>\n<p style=\"text-align: center;\"><span style=\"color: #3366ff;\"><strong><a style=\"color: #3366ff;\" href=\"http:\/\/futboltotal.com.mx\/2015\/12\/carlos-reinoso-ya-cuenta-con-su-propio-chicharito\/\" target=\"_blank\">LEER M\u00c1S: Carlos Reinoso ya tiene a su Chicharito en Veracruz<\/a><\/strong><\/span><\/p>\n<p><span style=\"color: #ff0000;\"><strong>Joffre Guerr\u00f3n <\/strong><\/span>| El ecuatoriano fue uno de los m\u00e1s inconformes con la llegada de los refuerzos millonarios, pues antes del Draft del verano, jug\u00f3 50 partidos entre 2014 y 2015, en distintas competiciones; esos minutos le permitieron anotar 16 goles.<\/p>\n<p>El saldo positivo de Guerr\u00f3n llam\u00f3 la atenci\u00f3n de otros equipos, y emocion\u00f3 a la afici\u00f3n de Tigres. Sin embargo, tras la llegada de Jurgen Damm y Javier Aquino, el ecuatoriano fue relegado a la banca y apenas logr\u00f3 disputar 16 encuentros, ni siquiera la mitad de los disputados en la primera mitad del a\u00f1o, y en los que s\u00f3lo acumul\u00f3 500 minutos, por lo que s\u00f3lo pudo anotar en dos ocasiones.<\/p>\n<p><a href=\"http:\/\/futboltotal.com.mx\/wp-content\/uploads\/2015\/12\/relegadios-tigres-joffre-guerron.jpg\"><img decoding=\"async\" loading=\"lazy\" class=\"alignnone size-full wp-image-345148\" src=\"http:\/\/futboltotal.com.mx\/wp-content\/uploads\/2015\/12\/relegadios-tigres-joffre-guerron.jpg\" alt=\"relegadios-tigres-joffre-guerron\" srcset=\"http:\/\/desarrollo.grupomedios.com\/futbol\/wp-content\/uploads\/2015\/12\/relegadios-tigres-joffre-guerron.jpg 820w, http:\/\/desarrollo.grupomedios.com\/futbol\/wp-content\/uploads\/2015\/12\/relegadios-tigres-joffre-guerron-300x110.jpg 300w\" sizes=\"(max-width: 820px) 100vw, 820px\" \/><\/a><\/p>\n<p style=\"text-align: center;\"><strong><a style=\"color: #3366ff;\" href=\"http:\/\/futboltotal.com.mx\/2015\/12\/guerron-ignoraba-que-era-refuerzo-de-cruz-azul\/\" target=\"_blank\">LEER M\u00c1S: Joffre Guerr\u00f3n ignoraba haber sido fichado por Cruz Azul<\/a><\/strong><\/p>\n<p><span style=\"color: #ff0000;\"><strong>Gerardo Lugo <\/strong><\/span>| El mediocampista se convirti\u00f3 en un elemento vital para el <em>Tuca<\/em> desde que arrib\u00f3 a la sultana del norte, pues jug\u00f3 24 encuentros en la primera mitad de 2015, en los que acumul\u00f3 mil 153 minutos, donde sobresal\u00eda m\u00e1s como el relevo de lujo de <strong>Tigres<\/strong>.<\/p>\n<p>Pero tras la llegada de los refuerzos, Edgar ya ni siquiera pod\u00eda jugar como relevo, pues las primeras opciones eran Joffre Guerr\u00f3n y Dami\u00e1n \u00c1lvarez, por lo que sus minutos se redujeron en poco m\u00e1s de la mitad, al acumular s\u00f3lo 453 en diez partidos.<\/p>\n<p><a href=\"http:\/\/futboltotal.com.mx\/wp-content\/uploads\/2015\/12\/relegados-tigres-gerardo-lugo.jpg\"><img decoding=\"async\" loading=\"lazy\" class=\"alignnone size-full wp-image-345149\" src=\"http:\/\/futboltotal.com.mx\/wp-content\/uploads\/2015\/12\/relegados-tigres-gerardo-lugo.jpg\" alt=\"relegados-tigres-gerardo-lugo\" srcset=\"http:\/\/desarrollo.grupomedios.com\/futbol\/wp-content\/uploads\/2015\/12\/relegados-tigres-gerardo-lugo.jpg 820w, http:\/\/desarrollo.grupomedios.com\/futbol\/wp-content\/uploads\/2015\/12\/relegados-tigres-gerardo-lugo-300x110.jpg 300w\" sizes=\"(max-width: 820px) 100vw, 820px\" \/><\/a><\/p>\n<p style=\"text-align: center;\"><strong><span style=\"color: #3366ff;\"><a style=\"color: #3366ff;\" href=\"http:\/\/futboltotal.com.mx\/2015\/12\/gol-de-fantasia-de-gerardo-lugo\/\" target=\"_blank\">LEER M\u00c1S: El gol de fantas\u00eda de Edgar Gerardo Lugo<\/a><\/span><\/strong><\/p>\n<p><span style=\"color: #ff0000;\"><strong>Egidio Ar\u00e9valo<\/strong><\/span> | El <em>Cacha<\/em> fue un elemento imprescindible para <strong>Tigres<\/strong> desde su aparici\u00f3n, e incluso en el inicio del Apertura 2015, todav\u00eda era titular del equipo; hasta que poco a poco fue relegado a la banca, pues Jes\u00fas Due\u00f1as era para el <em>Tuca<\/em>, la pareja ideal de Guido Pizarro en la contenci\u00f3n.<\/p>\n<p>De mil 662 minutos en el primer semestre del a\u00f1o, su actividad se redujo a la mitad de tiempo en el campo.<\/p>\n<p><a href=\"http:\/\/futboltotal.com.mx\/wp-content\/uploads\/2015\/12\/relegados-tigres-egidio-arevalo.jpg\"><img decoding=\"async\" loading=\"lazy\" class=\"alignnone size-full wp-image-345150\" src=\"http:\/\/futboltotal.com.mx\/wp-content\/uploads\/2015\/12\/relegados-tigres-egidio-arevalo.jpg\" alt=\"relegados-tigres-egidio-arevalo\" srcset=\"http:\/\/desarrollo.grupomedios.com\/futbol\/wp-content\/uploads\/2015\/12\/relegados-tigres-egidio-arevalo.jpg 820w, http:\/\/desarrollo.grupomedios.com\/futbol\/wp-content\/uploads\/2015\/12\/relegados-tigres-egidio-arevalo-300x110.jpg 300w\" sizes=\"(max-width: 820px) 100vw, 820px\" \/><\/a><\/p>\n<p>Ante los\u00a0escasos\u00a0minutos durante el Apertura 2015, los\u00a0futbolistas emigraron de club de cara al Clausura 2016, para poder demostrar que tienen nivel.<\/p>\n<p>Ahora el <em>Paleta<\/em>\u00a0<strong>Esqueda<\/strong> tendr\u00e1 la oportunidad de mostrarse en Veracruz, cuadro dirigido por Carlos Reinoso, un estratega que lo aprecia, mientras que\u00a0la calidad de <strong>Lugo<\/strong>\u00a0tambi\u00e9n ser\u00e1 aprovechada por los <em>Tiburones Rojos<\/em>, que se hicieron\u00a0de\u00a0los servicios de ambos futbolistas en el\u00a0Draft de invierno.<\/p>\n<p>Por su parte,\u00a0En Cruz Azul fich\u00f3 a\u00a0<b>Guerreen<\/b>\u00a0con la intenci\u00f3n de que se convierta en uno referente ofensivo; en tanto, Atlas apost\u00f3 por <strong>Ar\u00e9valo<\/strong>, para incluirlo entre sus refuerzos de cara al Clausura 2016, en la reestructuraci\u00f3n <em>rojinegra<\/em>.<\/p>\n","protected":false},"excerpt":{"rendered":"<p>Un p\u00f3ker tuvo que salir del conjunto felino por escasos minutos<\/p>\n","protected":false},"author":20,"featured_media":345143,"comment_status":"closed","ping_status":"closed","sticky":false,"template":"","format":"standard","meta":[],"categories":[2198,3845,5950],"tags":[3505,5973],"_links":{"self":[{"href":"http:\/\/desarrollo.grupomedios.com\/futbol\/wp-json\/wp\/v2\/posts\/345130"}],"collection":[{"href":"http:\/\/desarrollo.grupomedios.com\/futbol\/wp-json\/wp\/v2\/posts"}],"about":[{"href":"http:\/\/desarrollo.grupomedios.com\/futbol\/wp-json\/wp\/v2\/types\/post"}],"author":[{"embeddable":true,"href":"http:\/\/desarrollo.grupomedios.com\/futbol\/wp-json\/wp\/v2\/users\/20"}],"replies":[{"embeddable":true,"href":"http:\/\/desarrollo.grupomedios.com\/futbol\/wp-json\/wp\/v2\/comments?post=345130"}],"version-history":[{"count":0,"href":"http:\/\/desarrollo.grupomedios.com\/futbol\/wp-json\/wp\/v2\/posts\/345130\/revisions"}],"wp:featuredmedia":[{"embeddable":true,"href":"http:\/\/desarrollo.grupomedios.com\/futbol\/wp-json\/wp\/v2\/media\/345143"}],"wp:attachment":[{"href":"http:\/\/desarrollo.grupomedios.com\/futbol\/wp-json\/wp\/v2\/media?parent=345130"}],"wp:term":[{"taxonomy":"category","embeddable":true,"href":"http:\/\/desarrollo.grupomedios.com\/futbol\/wp-json\/wp\/v2\/categories?post=345130"},{"taxonomy":"post_tag","embeddable":true,"href":"http:\/\/desarrollo.grupomedios.com\/futbol\/wp-json\/wp\/v2\/tags?post=345130"}],"curies":[{"name":"wp","href":"https:\/\/api.w.org\/{rel}","templated":true}]}}