{"id":345207,"date":"2015-12-30T08:00:55","date_gmt":"2015-12-30T14:00:55","guid":{"rendered":"http:\/\/futboltotal.com.mx\/?p=345207"},"modified":"2015-12-30T10:21:25","modified_gmt":"2015-12-30T16:21:25","slug":"raul-jimenez-despunta-con-benfica","status":"publish","type":"post","link":"http:\/\/desarrollo.grupomedios.com\/futbol\/destacado-home\/raul-jimenez-despunta-con-benfica\/2015\/12","title":{"rendered":"Ra\u00fal Jim\u00e9nez despunta con el Benfica"},"content":{"rendered":"<p style=\"text-align: center;\"><span style=\"color: #ff0000;\">Cinco grandes momentos de <strong>Ra\u00fal Jim\u00e9nez<\/strong> en el 2015<\/span><\/p>\n<p>[video_player]https:\/\/player.vimeo.com\/external\/149899487.hd.mp4?s=57532844400fac9a21cdbf3d9e49e844e8a4e6f4&amp;profile_id=113[\/video_player]<\/p>\n<p>Con m\u00e1s luces que sombras, el 2015 fue un a\u00f1o de estudio, instrucci\u00f3n y experiencia para <strong>Ra\u00fal Jim\u00e9nez<\/strong>. De ser actor de reparto en el Atl\u00e9tico de Madrid pas\u00f3 a personaje secundario en el Benfica, club donde poco a poco ha comenzado a recobrar la continuidad y el olfato de gol que extravi\u00f3 durante su estad\u00eda en Espa\u00f1a.<\/p>\n<p>Con los<em> Colchoneros, <\/em><strong>Jim\u00e9nez<\/strong> apenas tuvo 238 minutos en 14 cotejos -fue titular solo en tres- y no encontr\u00f3 la forma de afianzarse en una delantera con pesos pesados como Antoine Griezmann, Fernando Torres o Mario Mandzukic.<\/p>\n<p>Al termino de la temporada no hubo m\u00e1s opci\u00f3n que seguir el sabio consejo del entrenador de los <em>Rojiblancos<\/em>, Diego Simeone: \u201c<strong>Ra\u00fal<\/strong> la tuvo dif\u00edcil por la competitividad que hay en el equipo, si tiene la opci\u00f3n de cambiar de club puede irle mejor\u201d.<\/p>\n<p style=\"text-align: center;\"><span style=\"color: #3366ff;\"><strong><a style=\"color: #3366ff;\" href=\"http:\/\/futboltotal.com.mx\/2015\/12\/tecatito-corona-el-futbolista-mas-atrevido-del-porto\/\">LEER M\u00c1S: Tecatito Corona, el futbolista m\u00e1s atrevido del Porto<\/a><\/strong><\/span><\/p>\n<p>El 14 de agosto, Benfica anunci\u00f3 la contrataci\u00f3n del delantero mexicano hasta 2020. La operaci\u00f3n fue parte de un culebr\u00f3n en el que su fichaje por el West Ham se cay\u00f3 de \u00faltima hora. Su agente Jorge Mendes vendi\u00f3 al conjunto luso el 50 por ciento de los derechos federativos que adquiri\u00f3 en 2014 y con ello las <em>\u00c1guilas<\/em> cerraron su contrataci\u00f3n.<\/p>\n<p>\u201cHabl\u00e9 con Siqueira, Tiago y Oblak. Me dijeron que hab\u00eda elegido lo mejor. Siento que es un avance en mi carrera porque me puede beneficiar. Me voy a entregar al m\u00e1ximo en cada partido\u201d, expres\u00f3 <strong>Ra\u00fal Jim\u00e9nez<\/strong> con voz entusiasta tras su llegada.<\/p>\n<p>Ni Atl\u00e9tico ni Benfica, ni mucho menos <strong>Ra\u00fal<\/strong>, erraron en la decisi\u00f3n. Con el conjunto <em>lisboeta<\/em> tard\u00f3 solo dos partidos en convertirse en el cuarto mexicano en anotar en Portugal. Se estren\u00f3 ante el Moreirense y as\u00ed emprendi\u00f3 el camino rumbo al momento m\u00e1s importante del a\u00f1o: su estreno goleador en Champions League.<\/p>\n<p style=\"text-align: center;\"><span style=\"color: #3366ff;\"><strong><a style=\"color: #3366ff;\" href=\"http:\/\/futboltotal.com.mx\/2015\/12\/careos-vela-un-ano-de-luces-y-sombras\/\">LEER M\u00c1S: Carlos Vela, con a\u00f1o de \u00a0luces y sombras<\/a><\/strong><\/span><\/p>\n<p>Con 12 partidos consecutivos en los que hab\u00eda tenido minutos, fue titular en la quinta jornada de Fase de Grupos de la Champions League -nunca lo hab\u00eda sido con Atl\u00e9tico en la justa-. Frente al Astana marc\u00f3 un doblete que dio el empate 2-2 al Benfica y lo m\u00e1s importante, el billete a Octavos de Final.<\/p>\n<p>En la primera parte de su traves\u00eda, <strong>Ra\u00fal Jim\u00e9nez<\/strong> dej\u00f3 una \u00faltima postal en el 2015. Su primera diana en la Copa de Portugal, Ta\u00e7a CTT, que certific\u00f3 la victoria de los suyos ante el Nacional. Un remate de primera con la pierna derecha en el \u00e1rea fue parte del gui\u00f3n que lo encarrila a pelear por ser un aut\u00e9ntico protagonista con Benfica.<\/p>\n","protected":false},"excerpt":{"rendered":"<p>Cinco grandes momentos de Ra\u00fal Jim\u00e9nez en el 2015<\/p>\n","protected":false},"author":20,"featured_media":345236,"comment_status":"closed","ping_status":"closed","sticky":false,"template":"","format":"standard","meta":[],"categories":[5,3839],"tags":[4545,742],"_links":{"self":[{"href":"http:\/\/desarrollo.grupomedios.com\/futbol\/wp-json\/wp\/v2\/posts\/345207"}],"collection":[{"href":"http:\/\/desarrollo.grupomedios.com\/futbol\/wp-json\/wp\/v2\/posts"}],"about":[{"href":"http:\/\/desarrollo.grupomedios.com\/futbol\/wp-json\/wp\/v2\/types\/post"}],"author":[{"embeddable":true,"href":"http:\/\/desarrollo.grupomedios.com\/futbol\/wp-json\/wp\/v2\/users\/20"}],"replies":[{"embeddable":true,"href":"http:\/\/desarrollo.grupomedios.com\/futbol\/wp-json\/wp\/v2\/comments?post=345207"}],"version-history":[{"count":0,"href":"http:\/\/desarrollo.grupomedios.com\/futbol\/wp-json\/wp\/v2\/posts\/345207\/revisions"}],"wp:featuredmedia":[{"embeddable":true,"href":"http:\/\/desarrollo.grupomedios.com\/futbol\/wp-json\/wp\/v2\/media\/345236"}],"wp:attachment":[{"href":"http:\/\/desarrollo.grupomedios.com\/futbol\/wp-json\/wp\/v2\/media?parent=345207"}],"wp:term":[{"taxonomy":"category","embeddable":true,"href":"http:\/\/desarrollo.grupomedios.com\/futbol\/wp-json\/wp\/v2\/categories?post=345207"},{"taxonomy":"post_tag","embeddable":true,"href":"http:\/\/desarrollo.grupomedios.com\/futbol\/wp-json\/wp\/v2\/tags?post=345207"}],"curies":[{"name":"wp","href":"https:\/\/api.w.org\/{rel}","templated":true}]}}