{"id":345220,"date":"2015-12-30T07:00:06","date_gmt":"2015-12-30T13:00:06","guid":{"rendered":"http:\/\/futboltotal.com.mx\/?p=345220"},"modified":"2016-01-03T11:13:16","modified_gmt":"2016-01-03T17:13:16","slug":"careos-vela-un-ano-de-luces-y-sombras","status":"publish","type":"post","link":"http:\/\/desarrollo.grupomedios.com\/futbol\/destacado-home\/careos-vela-un-ano-de-luces-y-sombras\/2015\/12","title":{"rendered":"Carlos Vela, un a\u00f1o de luces y sombras"},"content":{"rendered":"<p style=\"text-align: center;\"><span style=\"color: #ff0000;\">Cinco grandes momentos de <strong>Carlos Vela<\/strong> en el 2015<\/span><\/p>\n<p>[video_player]https:\/\/player.vimeo.com\/external\/149917292.hd.mp4?s=42e66ab22d57b0cf18b74ae0dde0c0241517e654&amp;profile_id=113[\/video_player]<\/p>\n<p>El 23 de mayo pasado, <strong>Carlos Vela<\/strong> vivi\u00f3 uno de los pasajes m\u00e1s gratos del a\u00f1o: con un gol ante Rayo Vallecano en la jornada 38 de la Liga se consagr\u00f3 como l\u00edder goleador del club por cuarta ocasi\u00f3n consecutiva. Lo hizo pese a perderse ocho de 22 partidos de la campa\u00f1a y tras sobreponerse a una lesi\u00f3n de meniscos en la rodilla derecha.<\/p>\n<p>As\u00ed cerr\u00f3 el cap\u00edtulo a nivel de clubes y dio paso a un verano de ajetreo con la Selecci\u00f3n Mexicana, en el que afront\u00f3 la Copa Oro por segunda vez en su carrera. Su participaci\u00f3n fue mesurada. Y es que pese a firmar dos goles -ante Cuba y Trinidad y Tobago- en los primeros tres partidos, no lo hizo en los Cuartos de Final contra Costa Rica y en las Semifinales ante Panam\u00e1. Eso sin contar que vio la final desde el banquillo por acumulaci\u00f3n de tarjetas.<\/p>\n<p style=\"text-align: center;\"><span style=\"color: #3366ff;\"><strong><a style=\"color: #3366ff;\" href=\"http:\/\/futboltotal.com.mx\/2015\/12\/raul-jimenez-despunta-con-benfica\/\">LEER M\u00c1S: Raul Jim\u00e9nez despunta con el Benfica<\/a><\/strong><\/span><\/p>\n<p>Con el t\u00edtulo anhelado y el derecho a disputar el pase a la Copa Confederaciones en la bolsa, el mexicano regres\u00f3 a San Sebasti\u00e1n para afrontar la temporada 2015-16. La prensa espa\u00f1ola coloc\u00f3 su nombre en la agenda del Barcelona como parte de un ut\u00f3pico fichaje (supon\u00eda dejar su condici\u00f3n de l\u00edder y figura en la Real Sociedad para ser el recambio de Pedro Rodr\u00edguez) y abri\u00f3 el debate de su posible salida para el mercado invernal.<\/p>\n<p>Al margen de toda especulaci\u00f3n, <strong>Carlos Vela<\/strong> inici\u00f3 una temporada complicada en la que tard\u00f3 nueve partidos en marcar gol. Un doblete ante Levante apacigu\u00f3 los \u00e1nimos de su rendimiento, aunque su falta de gol volvi\u00f3 a ser cuestionada tras el mal paso del equipo, que apenas sum\u00f3 dos victorias en 11 jornadas que guillotinaron al entrenador escoc\u00e9s David Moyes.<\/p>\n<p style=\"text-align: center;\"><span style=\"color: #3366ff;\"><strong><a style=\"color: #3366ff;\" href=\"http:\/\/futboltotal.com.mx\/2015\/12\/tecatito-corona-el-futbolista-mas-atrevido-del-porto\/\">LEER M\u00c1S: Tecatito Corona, el futbolista m\u00e1s atrevido del Porto<\/a><\/strong><\/span><\/p>\n<p>El <em>Bombardero<\/em> vivi\u00f3 sus horas m\u00e1s bajas en la Real Sociedad tras dar su primera rueda de prensa de la campa\u00f1a y admitir que rechaz\u00f3 ofertas de la MLS y no pod\u00eda garantizar su futuro en San Sebasti\u00e1n pese a tener contrato hasta 2018. A ello se sumaron las declaraciones de su agente Eduardo Hern\u00e1ndez, quien admiti\u00f3 que \u201cColorado Rapids tiene inter\u00e9s en fichar a Carlos\u201d.<\/p>\n<p>En el ocaso del a\u00f1o termin\u00f3 la turbulencia. El nuevo t\u00e9cnico del conjunto de San Sebasti\u00e1n, Eusebio Sacrist\u00e1n, dio carpetazo a la posible salida del mexicano y afirm\u00f3 que \u201cel equipo lo necesita porque es un jugador important\u00edsimo\u201d, mientras su representante zanj\u00f3: \u201cSe queda en la Real\u201d.<\/p>\n<p>De ser as\u00ed, puede que sea la mejor decisi\u00f3n, pues <strong>Carlos Vela<\/strong> tendr\u00e1 posibilidades de mostrar que si algo sabe es honrar los colores del equipo y sobreponerse a un a\u00f1o poco productivo. Para muestra basta recordar que en 2011 ten\u00eda solo dos goles -la misma cuota que ahora- tras 22 partidos, pero despu\u00e9s hizo una decena y termin\u00f3 como el romperredes del equipo.<\/p>\n","protected":false},"excerpt":{"rendered":"<p>Cinco grandes momentos de Carlos Vela en el 2015<\/p>\n","protected":false},"author":20,"featured_media":345224,"comment_status":"closed","ping_status":"closed","sticky":false,"template":"","format":"standard","meta":[],"categories":[5,3839,3844],"tags":[6048,4545,102],"_links":{"self":[{"href":"http:\/\/desarrollo.grupomedios.com\/futbol\/wp-json\/wp\/v2\/posts\/345220"}],"collection":[{"href":"http:\/\/desarrollo.grupomedios.com\/futbol\/wp-json\/wp\/v2\/posts"}],"about":[{"href":"http:\/\/desarrollo.grupomedios.com\/futbol\/wp-json\/wp\/v2\/types\/post"}],"author":[{"embeddable":true,"href":"http:\/\/desarrollo.grupomedios.com\/futbol\/wp-json\/wp\/v2\/users\/20"}],"replies":[{"embeddable":true,"href":"http:\/\/desarrollo.grupomedios.com\/futbol\/wp-json\/wp\/v2\/comments?post=345220"}],"version-history":[{"count":0,"href":"http:\/\/desarrollo.grupomedios.com\/futbol\/wp-json\/wp\/v2\/posts\/345220\/revisions"}],"wp:featuredmedia":[{"embeddable":true,"href":"http:\/\/desarrollo.grupomedios.com\/futbol\/wp-json\/wp\/v2\/media\/345224"}],"wp:attachment":[{"href":"http:\/\/desarrollo.grupomedios.com\/futbol\/wp-json\/wp\/v2\/media?parent=345220"}],"wp:term":[{"taxonomy":"category","embeddable":true,"href":"http:\/\/desarrollo.grupomedios.com\/futbol\/wp-json\/wp\/v2\/categories?post=345220"},{"taxonomy":"post_tag","embeddable":true,"href":"http:\/\/desarrollo.grupomedios.com\/futbol\/wp-json\/wp\/v2\/tags?post=345220"}],"curies":[{"name":"wp","href":"https:\/\/api.w.org\/{rel}","templated":true}]}}