{"id":345259,"date":"2015-12-30T12:11:27","date_gmt":"2015-12-30T18:11:27","guid":{"rendered":"http:\/\/futboltotal.com.mx\/?p=345259"},"modified":"2015-12-30T12:11:27","modified_gmt":"2015-12-30T18:11:27","slug":"regreso-de-caixinha-a-mexico-tendra-que-esperar","status":"publish","type":"post","link":"http:\/\/desarrollo.grupomedios.com\/futbol\/futbol-internacional\/regreso-de-caixinha-a-mexico-tendra-que-esperar\/2015\/12","title":{"rendered":"Regreso de Caixinha a M\u00e9xico tendr\u00e1 que esperar"},"content":{"rendered":"<p>El regreso del portugu\u00e9s <strong>Pedro Caixinha<\/strong>, ex t\u00e9cnico de Santos Laguna, a la Liga MX tendr\u00e1 que esperar. Y es que este mi\u00e9rcoles fue presentado como nuevo entrenador del conjunto catar\u00ed Al Gharafa.<\/p>\n<blockquote class=\"twitter-tweet\" lang=\"es\">\n<p dir=\"rtl\" lang=\"ar\">\u0628\u064a\u062f\u0631\u0648: \u0633\u0646\u062d\u0627\u0648\u0644 \u0648\u0636\u0639 \u0641\u0631\u064a\u0642 <a href=\"https:\/\/twitter.com\/hashtag\/%D8%A7%D9%84%D8%BA%D8%B1%D8%A7%D9%81%D8%A9?src=hash\">#\u0627\u0644\u063a\u0631\u0627\u0641\u0629<\/a> \u0639\u0644\u0649 \u0627\u0644\u0645\u0633\u0627\u0631 \u0627\u0644\u0635\u062d\u064a\u062d <a href=\"https:\/\/t.co\/ztEeRbB9ED\">https:\/\/t.co\/ztEeRbB9ED<\/a> <a href=\"https:\/\/t.co\/MPAjeYvLSX\">pic.twitter.com\/MPAjeYvLSX<\/a><\/p>\n<p>\u2014 Qatar Stars League (@QSL) <a href=\"https:\/\/twitter.com\/QSL\/status\/682133267563155456\">diciembre 30, 2015<\/a><\/p><\/blockquote>\n<p><script src=\"\/\/platform.twitter.com\/widgets.js\" async=\"\" charset=\"utf-8\"><\/script><\/p>\n<p>El timonel <em>lusitano<\/em>, quien\u00a0llega al Al Gharafa -ubicado en la d\u00e9cima posici\u00f3n de la liga de Qatar-\u00a0para intentar sacarlo del mal momento que vive, se mostr\u00f3 ilusionado y agradecido con la instituci\u00f3n por la oportunidad.<\/p>\n<p style=\"text-align: center;\"><span style=\"color: #3366ff;\"><strong><a style=\"color: #3366ff;\" href=\"http:\/\/futboltotal.com.mx\/2015\/11\/pedro-caixinha-opcion-para-clubes-en-2016\/\">LEER M\u00c1S: Pedro Caixinha, opci\u00f3n para clubes en 2016<\/a><\/strong><\/span><\/p>\n<p>&#8220;Me alegro del recibimiento que han dado todos en el club y los aficionados. Tenemos que mirar al pasado y ver los muchos logros y campeonatos que ha conseguido el equipo&#8221;, expres\u00f3 <strong>Pedro Caixinha<\/strong>\u00a0en su presentaci\u00f3n.<\/p>\n<p><strong>Pedro Caixinha\u00a0<\/strong>lleg\u00f3 al futbol mexicano en 2013\u00a0para dirigir\u00a0al Santos Laguna. Durante su paso por el conjunto de la comarca, el entrenador portugu\u00e9s\u00a0logr\u00f3 ganar el t\u00edtulo de la Liga MX, en el Apertura 2015, as\u00ed como el de la\u00a0Copa MX Apertura 2014; adem\u00e1s se adue\u00f1\u00f3 del\u00a0Campe\u00f3n de Campeones\u00a0en\u00a02015.<\/p>\n<p style=\"text-align: center;\"><span style=\"color: #3366ff;\"><strong><a style=\"color: #3366ff;\" href=\"http:\/\/futboltotal.com.mx\/2015\/08\/pedro-caixinha-y-sus-polemicas\/\">LEER M\u00c1S: Pedro Caixinha y sus pol\u00e9micas<\/a><\/strong><\/span><\/p>\n<p>De cinco torneos completos que dirigi\u00f3, s\u00f3lo\u00a0qued\u00f3 fuera de la liguilla en una ocasi\u00f3n (Apertura 2014).<\/p>\n","protected":false},"excerpt":{"rendered":"<p>El entrenador portugu\u00e9s dirigir\u00e1 en Qatar<\/p>\n","protected":false},"author":20,"featured_media":345260,"comment_status":"closed","ping_status":"closed","sticky":false,"template":"","format":"standard","meta":[],"categories":[3839],"tags":[1968,5972],"_links":{"self":[{"href":"http:\/\/desarrollo.grupomedios.com\/futbol\/wp-json\/wp\/v2\/posts\/345259"}],"collection":[{"href":"http:\/\/desarrollo.grupomedios.com\/futbol\/wp-json\/wp\/v2\/posts"}],"about":[{"href":"http:\/\/desarrollo.grupomedios.com\/futbol\/wp-json\/wp\/v2\/types\/post"}],"author":[{"embeddable":true,"href":"http:\/\/desarrollo.grupomedios.com\/futbol\/wp-json\/wp\/v2\/users\/20"}],"replies":[{"embeddable":true,"href":"http:\/\/desarrollo.grupomedios.com\/futbol\/wp-json\/wp\/v2\/comments?post=345259"}],"version-history":[{"count":0,"href":"http:\/\/desarrollo.grupomedios.com\/futbol\/wp-json\/wp\/v2\/posts\/345259\/revisions"}],"wp:featuredmedia":[{"embeddable":true,"href":"http:\/\/desarrollo.grupomedios.com\/futbol\/wp-json\/wp\/v2\/media\/345260"}],"wp:attachment":[{"href":"http:\/\/desarrollo.grupomedios.com\/futbol\/wp-json\/wp\/v2\/media?parent=345259"}],"wp:term":[{"taxonomy":"category","embeddable":true,"href":"http:\/\/desarrollo.grupomedios.com\/futbol\/wp-json\/wp\/v2\/categories?post=345259"},{"taxonomy":"post_tag","embeddable":true,"href":"http:\/\/desarrollo.grupomedios.com\/futbol\/wp-json\/wp\/v2\/tags?post=345259"}],"curies":[{"name":"wp","href":"https:\/\/api.w.org\/{rel}","templated":true}]}}