{"id":345271,"date":"2015-12-30T14:09:45","date_gmt":"2015-12-30T20:09:45","guid":{"rendered":"http:\/\/futboltotal.com.mx\/?p=345271"},"modified":"2015-12-30T14:11:52","modified_gmt":"2015-12-30T20:11:52","slug":"ochoa-iniciaria-el-2016-como-titular","status":"publish","type":"post","link":"http:\/\/desarrollo.grupomedios.com\/futbol\/futbol-internacional\/ochoa-iniciaria-el-2016-como-titular\/2015\/12","title":{"rendered":"Guillermo Ochoa iniciar\u00eda el 2016 como titular"},"content":{"rendered":"<p>El guardameta mexicano, <strong>Guillermo Ochoa Maga\u00f1a<\/strong>, podr\u00eda por fin debutar en la Liga de Espa\u00f1a con el <strong>M\u00e1laga<\/strong>, pero en el primer partido del equipo en 2016, puesto que el arquero titular, Carlos Kameni, termin\u00f3 con molestias el \u00faltimo partido.<\/p>\n<p>En el encuentro de este mi\u00e9rcoles 30 de diciembre, entre el Levante y M\u00e1laga, donde el equipo de <strong>Guillermo Ochoa<\/strong> gan\u00f3 por 0-1; el conjunto visitante report\u00f3 a dos futbolistas con molestias tras el partido, que son el volante izquierdo, Juankar P\u00e9rez y el portero Carlos Kameni.<\/p>\n<p style=\"text-align: center;\"><span style=\"color: #3366ff;\"><strong><a style=\"color: #3366ff;\" href=\"http:\/\/futboltotal.com.mx\/2015\/12\/memo-ochoa-iria-al-marsella-ahora-si\/\" target=\"_blank\">LEER M\u00c1S: Guillermo Ochoa tendr\u00eda lugar en Marsella<\/a><\/strong><\/span><\/p>\n<p>&#8220;Juankar, que fue sustituido por Juanpi en el 68\u2019 del Levante-M\u00e1laga, sufre una lesi\u00f3n muscular en el adductor de su pierna izquierda pendiente de pruebas diagn\u00f3sticas. Kameni, por su parte, sufri\u00f3 un fuerte golpe durante el partido que le ocasion\u00f3 una contusi\u00f3n en la cresta il\u00edaca (cadera) derecha, pendiente de evoluci\u00f3n de cara al pr\u00f3ximo partido liguero&#8221;, se\u00f1al\u00f3 el <strong>M\u00e1laga<\/strong> en un comunicado posterior al partido.<\/p>\n<p>Si le tomara m\u00e1s de dos d\u00edas a Kameni recuperarse, <strong>Guillermo Ochoa<\/strong> podr\u00eda tener la oportunidad de iniciar el 2016 como titular con el <strong>M\u00e1laga<\/strong>, en el encuentro donde su equipo reciba al Celta de Vigo, a las 15:50 (tiempo de M\u00e9xico), del s\u00e1bado 2 de enero.<\/p>\n<p style=\"text-align: center;\"><span style=\"color: #3366ff;\"><strong><a style=\"color: #3366ff;\" href=\"http:\/\/futboltotal.com.mx\/2015\/12\/marcelo-barovero-a-una-firma-del-veracruz\/\" target=\"_blank\">LEER M\u00c1S: Ochoa no llega al Puerto, pero s\u00ed fichar\u00edan a Barovero en Veracruz<\/a><\/strong><\/span><\/p>\n","protected":false},"excerpt":{"rendered":"<p>Kameni presenta molestias tras el \u00faltimo juego del M\u00e1laga<\/p>\n","protected":false},"author":20,"featured_media":345277,"comment_status":"closed","ping_status":"closed","sticky":false,"template":"","format":"standard","meta":[],"categories":[3839,3844,5951],"tags":[5991,306],"_links":{"self":[{"href":"http:\/\/desarrollo.grupomedios.com\/futbol\/wp-json\/wp\/v2\/posts\/345271"}],"collection":[{"href":"http:\/\/desarrollo.grupomedios.com\/futbol\/wp-json\/wp\/v2\/posts"}],"about":[{"href":"http:\/\/desarrollo.grupomedios.com\/futbol\/wp-json\/wp\/v2\/types\/post"}],"author":[{"embeddable":true,"href":"http:\/\/desarrollo.grupomedios.com\/futbol\/wp-json\/wp\/v2\/users\/20"}],"replies":[{"embeddable":true,"href":"http:\/\/desarrollo.grupomedios.com\/futbol\/wp-json\/wp\/v2\/comments?post=345271"}],"version-history":[{"count":0,"href":"http:\/\/desarrollo.grupomedios.com\/futbol\/wp-json\/wp\/v2\/posts\/345271\/revisions"}],"wp:featuredmedia":[{"embeddable":true,"href":"http:\/\/desarrollo.grupomedios.com\/futbol\/wp-json\/wp\/v2\/media\/345277"}],"wp:attachment":[{"href":"http:\/\/desarrollo.grupomedios.com\/futbol\/wp-json\/wp\/v2\/media?parent=345271"}],"wp:term":[{"taxonomy":"category","embeddable":true,"href":"http:\/\/desarrollo.grupomedios.com\/futbol\/wp-json\/wp\/v2\/categories?post=345271"},{"taxonomy":"post_tag","embeddable":true,"href":"http:\/\/desarrollo.grupomedios.com\/futbol\/wp-json\/wp\/v2\/tags?post=345271"}],"curies":[{"name":"wp","href":"https:\/\/api.w.org\/{rel}","templated":true}]}}