{"id":345364,"date":"2015-12-30T17:42:03","date_gmt":"2015-12-30T23:42:03","guid":{"rendered":"http:\/\/futboltotal.com.mx\/?p=345364"},"modified":"2015-12-30T17:42:03","modified_gmt":"2015-12-30T23:42:03","slug":"liverpool-cierra-el-2015-con-victoria","status":"publish","type":"post","link":"http:\/\/desarrollo.grupomedios.com\/futbol\/futbol-internacional\/liverpool-cierra-el-2015-con-victoria\/2015\/12","title":{"rendered":"Liverpool cierra el 2015 con victoria"},"content":{"rendered":"<p>Sunderland y <strong>Liverpool<\/strong>, concluyeron la actividad de la Liga Premier de Inglaterra en 2015, tras enfrentarse este mi\u00e9rcoles 30 de diciembre en el Stadium of Light. Los dirigidos por J\u00fcrgen Klopp obtuvieron la victoria por la m\u00ednima diferencia.<\/p>\n<p>En un juego sumamente parejo, Sunderland logr\u00f3 poner en aprietos y detener al <strong>Liverpool<\/strong>, quien no pod\u00eda abrir el marcador; hasta la segunda parte, cuando en la primera jugada de los <em>Reds<\/em>, Alan Lallana envi\u00f3 un servicio al \u00e1rea, que fue conectado por Christian Benteke para poner el 1-0 al 45&#8242;.<\/p>\n<p>La solitaria anotaci\u00f3n de Benteke puso en ventaja an\u00edmica al <strong>Liverpool<\/strong>, puesto que el conjunto local no pudo reaccionar en el resto del encuentro, y aunque lograron evitar que los <em>Reds<\/em> ampliaran la ventaja, no evitaron la derrota que se consum\u00f3 con ese \u00fanico tanto.<\/p>\n<p>Con ese resultado, <strong>Liverpool<\/strong> se trep\u00f3 a la s\u00e9ptima posici\u00f3n de la Liga Premier y volvi\u00f3 a puestos de Europa. Por su parte el Sunderland, se qued\u00f3 en el lugar 19 de la competencia con 12 unidades, y s\u00f3lo est\u00e1 por encima del Aston Villa, quien figura en el s\u00f3tano con ocho puntos.<\/p>\n","protected":false},"excerpt":{"rendered":"<p>Los dirigidos por J\u00fcrgen Klopp cerraron la activad de la Premier<\/p>\n","protected":false},"author":20,"featured_media":345380,"comment_status":"closed","ping_status":"closed","sticky":false,"template":"","format":"standard","meta":[],"categories":[3839,3846,5951],"tags":[2863,6610,5989],"_links":{"self":[{"href":"http:\/\/desarrollo.grupomedios.com\/futbol\/wp-json\/wp\/v2\/posts\/345364"}],"collection":[{"href":"http:\/\/desarrollo.grupomedios.com\/futbol\/wp-json\/wp\/v2\/posts"}],"about":[{"href":"http:\/\/desarrollo.grupomedios.com\/futbol\/wp-json\/wp\/v2\/types\/post"}],"author":[{"embeddable":true,"href":"http:\/\/desarrollo.grupomedios.com\/futbol\/wp-json\/wp\/v2\/users\/20"}],"replies":[{"embeddable":true,"href":"http:\/\/desarrollo.grupomedios.com\/futbol\/wp-json\/wp\/v2\/comments?post=345364"}],"version-history":[{"count":0,"href":"http:\/\/desarrollo.grupomedios.com\/futbol\/wp-json\/wp\/v2\/posts\/345364\/revisions"}],"wp:featuredmedia":[{"embeddable":true,"href":"http:\/\/desarrollo.grupomedios.com\/futbol\/wp-json\/wp\/v2\/media\/345380"}],"wp:attachment":[{"href":"http:\/\/desarrollo.grupomedios.com\/futbol\/wp-json\/wp\/v2\/media?parent=345364"}],"wp:term":[{"taxonomy":"category","embeddable":true,"href":"http:\/\/desarrollo.grupomedios.com\/futbol\/wp-json\/wp\/v2\/categories?post=345364"},{"taxonomy":"post_tag","embeddable":true,"href":"http:\/\/desarrollo.grupomedios.com\/futbol\/wp-json\/wp\/v2\/tags?post=345364"}],"curies":[{"name":"wp","href":"https:\/\/api.w.org\/{rel}","templated":true}]}}