{"id":345377,"date":"2015-12-31T07:58:19","date_gmt":"2015-12-31T13:58:19","guid":{"rendered":"http:\/\/futboltotal.com.mx\/?p=345377"},"modified":"2015-12-31T02:00:04","modified_gmt":"2015-12-31T08:00:04","slug":"100-sucesos-del-2015-3","status":"publish","type":"post","link":"http:\/\/desarrollo.grupomedios.com\/futbol\/futbol-mexicano\/100-sucesos-del-2015-3\/2015\/12","title":{"rendered":"100 sucesos del 2015"},"content":{"rendered":"<p>Presentamos los\u00a0<strong>100 sucesos\u00a0m\u00e1s significativos del\u00a02015<\/strong>&#8230;<\/p>\n<p>TERCERA\u00a0ENTREGA<\/p>\n<p><span style=\"color: #ff0000;\"><strong>SEPTIEMBRE<\/strong><\/span><\/p>\n<p><strong>73<\/strong> |\u00a0S\u00e1bado 5 |\u00a0Vacuna a Sudam\u00e9rica |\u00a0Con un doblete en un partido amistoso frente a Bolivia, Lionel Messi se convirti\u00f3 en el cuarto jugador en la historia que le anota gol a las nueve selecciones rivales de Argentina en la Conmebol.<\/p>\n<p><strong>74<\/strong> |\u00a0Domingo 13 |\u00a0Tres mil\u00a0rugidos |\u00a0Al marcarle el 1-0 a Veracruz, <a href=\"http:\/\/futboltotal.com.mx\/2015\/09\/eduardo-herrera-marca-el-gol-3000-de-pumas\/\">el delantero Eduardo Herrera se convirti\u00f3 en el autor del gol n\u00famero 3,000 del Club Universidad Nacional<\/a> en Primera Divisi\u00f3n a la que pertenecen desde 1962.<\/p>\n<p><strong>75<\/strong> |\u00a0Martes 15 |\u00a0Lleg\u00f3 el <em>Pelado |\u00a0<\/em>Un d\u00eda despu\u00e9s de cesar a Jos\u00e9 Manuel de la Torre, el Guadalajara anunci\u00f3 al argentino <a href=\"http:\/\/futboltotal.com.mx\/2015\/09\/oficial-almeyda-nuevo-tecnico-de-chivas\/\">Mat\u00edas Almeyda como su nuevo director t\u00e9cnico<\/a>.<\/p>\n<p><strong>76<\/strong>\u00a0|\u00a0<strong><span style=\"color: #800000;\">LO M\u00c1S VISTO\u00a0en\u00a0FT.com<\/span><\/strong>\u00a0| Martes 15\u00a0| <strong><a href=\"http:\/\/futboltotal.com.mx\/2015\/09\/amenazan-a-hector-moreno-por-lesionar-a-shaw\/\">Amenazas por lesi\u00f3n<\/a><\/strong>\u00a0| Tras la lesi\u00f3n que le provoc\u00f3 a\u00a0Luke Shaw, amenazas dirigidas a H\u00e9ctor Moreno comenzaron a aparecer en redes sociales.<\/p>\n<p><strong>77<\/strong>\u00a0|\u00a0Martes 22 |\u00a0Despacha a la historia |\u00a0Al anotarle cinco goles al Wolfsburgo en un lapso de nueve minutos, el delantero polaco <a href=\"http:\/\/futboltotal.com.mx\/2015\/09\/lewandowski-impone-record-con-bayern-munich\/\">Robert Lewandowski se convirti\u00f3 en el goleador m\u00e1s r\u00e1pido en la historia del futbol de Europa<\/a>.<\/p>\n<p><strong>78<\/strong>\u00a0|\u00a0S\u00e1bado 26 |\u00a0\u00c1nimo, <em>L\u00edo |\u00a0<\/em>Durante el partido de Liga del Barcelona contra Las Palmas, el argentino Lionel Messi sufri\u00f3 una lesi\u00f3n en la rodilla izquierda y qued\u00f3 fuera de circulaci\u00f3n durante siete semanas.<\/p>\n<p><strong>79<\/strong>\u00a0|\u00a0Lunes 28 |\u00a0Nada bueno |\u00a0Luego de tres victorias, seis derrotas y un empate durante el torneo Apertura 2015, Sergio Bueno deja de ser el director t\u00e9cnico del Cruz Azul.<\/p>\n<p><strong>80<\/strong>\u00a0|\u00a0<strong><strong><span style=\"color: #800000;\">LO M\u00c1S VISTO\u00a0en\u00a0FT.com<\/span><\/strong><\/strong>\u00a0| Martes 29\u00a0|\u00a0<strong><a href=\"http:\/\/futboltotal.com.mx\/2015\/09\/andres-guardado-responde-a-landon-donovan\/\">Contundente respuesta<\/a><\/strong>\u00a0|\u00a0Andr\u00e9s Guardado\u00a0respondi\u00f3 a las provocativas\u00a0publicaciones\u00a0de los estadounidenses\u00a0<a href=\"http:\/\/futboltotal.com.mx\/2015\/09\/landon-donovan-calienta-el-mexico-vs-estados-unidos\/\">Landon Donovan\u00a0y\u00a0Michael Bradley<\/a>.<\/p>\n<div id=\"tt-wrapperf7656d8\" class=\"tt-wrapper inread \"><strong>81<\/strong>\u00a0|\u00a0Mi\u00e9rcoles 30 |\u00a0Y los que faltan |\u00a0Ante el Malmo de Suecia, en juego de la fase de grupos de la <em>Champions League<\/em>, <a href=\"http:\/\/futboltotal.com.mx\/2015\/09\/cristiano-ronaldo-llega-a-500-goles-en-su-carrera\/\">Cristiano Ronaldo anot\u00f3 los goles n\u00fameros 500 y 501 de su carrera<\/a>.<\/div>\n<p><span style=\"color: #ff0000;\"><strong>OCTUBRE<\/strong><\/span><\/p>\n<p><strong>82<\/strong> | S\u00e1bado 3 | <em>Jefe<\/em> de la <em>M\u00e1quina<\/em> | <a href=\"http:\/\/futboltotal.com.mx\/2015\/10\/presentan-a-tomas-boy-como-dt-de-cruz-azul\/\">La directiva <em>cementera<\/em>\u00a0present\u00f3 a Tom\u00e1s Boy como su nuevo t\u00e9cnico en sustituci\u00f3n de Sergio Bueno<\/a>. &#8220;Si te habla un grande como Cruz Azul, no es tan f\u00e1cil decir que no&#8221;, expres\u00f3 el <em>Jefe<\/em>.<\/p>\n<p><strong>83<\/strong> | Martes 6 | Disputa por el <em>Reba\u00f1o<\/em> | Un juez penal de Jalisco emiti\u00f3 <a href=\"http:\/\/futboltotal.com.mx\/2015\/10\/ordenan-la-aprehension-de-angelica-fuentes-por-fraude\/\">una orden de aprehensi\u00f3n en contra de Ang\u00e9lica Fuentes T\u00e9llez por supuestos actos fraudulentos<\/a> en Grupo Omnilife, propiedad de su todav\u00eda esposo Jorge Vergara Madrigal, due\u00f1o de las Chivas.<\/p>\n<p><strong>84<\/strong> | Martes\u00a06 | Se destap\u00f3 Osorio | En conferencia de prensa, el colombiano <a href=\"http:\/\/futboltotal.com.mx\/2015\/10\/sao-paulo-confirma-a-osorio-como-tecnico-de-la-seleccion-mexicana\/\">Juan Carlos Osorio anunci\u00f3 la renuncia a su cargo como\u00a0estratega del Sao Paulo<\/a> para dirigir a la Selecci\u00f3n Mexicana.<\/p>\n<p><strong>85<\/strong> | Jueves 8 | Klopp es <em>Red<\/em> | El alem\u00e1n J\u00fcrgen Klopp fich\u00f3 como t\u00e9cnico del Liverpool por tres temporadas. El nuevo estratega de los <em>Reds<\/em> sustituy\u00f3 a Brendan Rodgers, quien estuvo tres a\u00f1os al mando.<\/p>\n<p><strong>86<\/strong>\u00a0| S\u00e1bado\u00a010 | Jornada <em>tricolor<\/em> | <a href=\"http:\/\/futboltotal.com.mx\/2015\/10\/resultado-mexico-3-2-estados-unidos\/\">M\u00e9xico clasific\u00f3 a la Copa Confederaciones de 2017 tras derrotar 3-2 a Estados Unidos<\/a>. Por su parte, <a href=\"http:\/\/futboltotal.com.mx\/2015\/10\/mexico-clasifica-a-los-juegos-olimpicos-de-2016\/\">el <em>Tri<\/em> Sub-22 se llev\u00f3 un boleto a R\u00edo de Janeiro al vencer a Canad\u00e1 en el Preol\u00edmpico de la CONCACAF<\/a>.<\/p>\n<p><strong>87<\/strong> | Martes 13 | Naranja desmantelada | La selecci\u00f3n de Holanda cay\u00f3 3-2 ante Rep\u00fablica Checa y qued\u00f3 eliminada en la eliminatoria rumbo a la Euro 2016. &#8220;Este es un fracaso colectivo, de jugadores y cuerpo t\u00e9cnico&#8221;, dijo Wesley Sneijder, capit\u00e1n <em>orange<\/em>.<\/p>\n<p><strong>88<\/strong>\u00a0|\u00a0<strong><span style=\"color: #800000;\">LO M\u00c1S VISTO\u00a0en\u00a0FT.com<\/span><\/strong>\u00a0| Viernes 16\u00a0|\u00a0<strong><strong><strong><a href=\"http:\/\/futboltotal.com.mx\/2015\/10\/raul-jimenez-anota-de-chilena-pero\/\">Chilena que no cont\u00f3<\/a><\/strong><\/strong><\/strong>\u00a0|\u00a0Durante un\u00a0partido de la Copa de Portugal, Ra\u00fal Jim\u00e9nez\u00a0conect\u00f3 el bal\u00f3n tras una espectacular\u00a0chilena, el esf\u00e9rico\u00a0termin\u00f3 al fondo de la red, pero para su mala fortuna lo hizo despu\u00e9s de que el \u00e1rbitro del partido se\u00f1alara una falta en el \u00e1rea, por lo que el tanto no cont\u00f3.<\/p>\n<p><strong>89<\/strong> | Martes 20 | Triste diagn\u00f3stico | La representante Carole Thate inform\u00f3 que Johan Cruyff fue diagnosticado con c\u00e1ncer de pulm\u00f3n. &#8220;Este es un partido que vamos a ganar&#8221;, dijo el legendario astro del futbol a sus familiares.<\/p>\n<p><span style=\"color: #ff0000;\"><strong>NOVIEMBRE<\/strong><\/span><\/p>\n<p><strong>90<\/strong> | Lunes 2 | Perros<em> piojosos<\/em> | <a href=\"http:\/\/futboltotal.com.mx\/2015\/11\/oficial-miguel-herrera-nuevo-dt-de-xolos\/\">Los <em>Xolos<\/em> de Tijuana oficializaron la contrataci\u00f3n de Miguel Herrera como su nuevo t\u00e9cnico a partir del siguiente Clausura 2015<\/a>.<\/p>\n<p><strong>91<\/strong> | Martes 3 | Nuevos inmortales | Enrique Meza, Vicente del Bosque, Alcides Ghiggia y\u00a0Michelle Akers fueron parte de los 11 personajes que integraron la quinta investidura del Sal\u00f3n de la Fama del Futbol.<\/p>\n<p><strong>92<\/strong> | Mi\u00e9rcoles 4 | Copa para Chivas | Luego de vencer 1-0 al Le\u00f3n en el Nou Camp, el <a href=\"http:\/\/futboltotal.com.mx\/2015\/11\/chivas-campeon-de-copa-mx\/\">Guadalajara conquist\u00f3 la Copa MX Apertura 2015<\/a> y obtuvo medio bolero para la Copa Libertadores 2017.<\/p>\n<p><strong>93<\/strong> | Mi\u00e9rcoles 4 | El peso de la ley | Falleci\u00f3 Rodolfo Mariscal, el joven agredido por los ex jugadores del Necaxa, Luis Gorocito y Alejandro Molina en agosto pasado. Con esto, los futbolistas fueron acusados de homicidio.<\/p>\n<p><strong>94<\/strong> |<strong>\u00a0<span style=\"color: #800000;\">LO M\u00c1S VISTO\u00a0en\u00a0FT.com<\/span><\/strong>\u00a0| Jueves\u00a024 |\u00a0<a href=\"http:\/\/futboltotal.com.mx\/2015\/11\/juan-carlos-osorio-metodologico-hasta-los-huesos\/\"><strong>Rumbo a Rusia 2018<\/strong><\/a>\u00a0|\u00a0En el arranque de la eliminatoria de la CONCACAF,\u00a0M\u00e9xico\u00a0recibi\u00f3 a\u00a0El Salvador\u00a0en el estadio Azteca, donde cumpli\u00f3 con obtener los primeros tres puntos de la fase de grupos del clasificatorio, pese a que fall\u00f3 muchas oportunidades de gol.<\/p>\n<p><strong>95<\/strong> |<strong>\u00a0<span style=\"color: #800000;\">LO M\u00c1S VISTO\u00a0en\u00a0FT.com<\/span><\/strong>\u00a0| Martes 17\u00a0| <b><a href=\"http:\/\/futboltotal.com.mx\/2015\/11\/mexico-termina-la-maldicion-en-san-pedro-sula\/\">Fin a la maldici\u00f3n<\/a><\/b>\u00a0|\u00a0M\u00e9xico\u00a0dobleg\u00f3 a\u00a0Honduras\u00a0y consigui\u00f3 el segundo triunfo consecutivo en la Era de Juan Carlos Osorio. Sendos goles del\u00a0<em>Tecatito<\/em>\u00a0Corona y J\u00fcrgen Damm finiquitaron el 0-2 con el cual el\u00a0<em>Tri<\/em>\u00a0acab\u00f3 con 22 a\u00f1os de no ganar en suelo<em>\u00a0catracho\u00a0<\/em>y medio siglo sin conocer la victoria en\u00a0San Pedro Sula.<\/p>\n<p><span style=\"color: #ff0000;\"><strong>DICIEMBRE<\/strong><\/span><\/p>\n<p><strong>96<\/strong>\u00a0|\u00a0Domingo 13 | \u00a1Qu\u00e9 Final! |\u00a0<a href=\"http:\/\/futboltotal.com.mx\/2015\/12\/tigres-campeon-de-la-liga-mx\/\">Los\u00a0Tigres\u00a0de la UANL\u00a0se proclamaron\u00a0campeones del\u00a0Apertura 2015\u00a0de la\u00a0Liga MX<\/a>. Tras 120 minutos intensos, la\u00a0Gran Final\u00a0se defini\u00f3 en la serie de penales, instancia donde\u00a0los\u00a0del norte\u00a0fueron m\u00e1s efectivos que los\u00a0Pumas.<\/p>\n<p><strong>97<\/strong>\u00a0|\u00a0Lunes 14 |\u00a0Por la <em>Orejona |\u00a0<\/em><a href=\"http:\/\/futboltotal.com.mx\/2015\/12\/definidos-los-duelos-de-octavos-de-final-en-champions-league\/\">Los partidos de\u00a0Octavos de Final\u00a0de la\u00a0UEFA Champions League 2015-16\u00a0quedaron definidos<\/a> tras el sorteo en Nyon, Suiza. A los mexicanos, Andr\u00e9s Guardado y H\u00e9ctor Moreno con el PSV, les tocar\u00e1 enfrentar al Atl\u00e9tico de Madrid, en tanto, Ra\u00fal Jim\u00e9nez con Benfica se medir\u00e1 al Zenit ruso. Ambos ser\u00e1n duelos in\u00e9ditos en esta fase.<\/p>\n<p><strong>98<\/strong>\u00a0|\u00a0Domingo 20 | Hist\u00f3rico campe\u00f3n del mundo\u00a0| Barcelona\u00a0reafirm\u00f3 su condici\u00f3n de mejor equipo del mundo y no fall\u00f3 en su cita con la historia en Yokohama, <a href=\"http:\/\/futboltotal.com.mx\/2015\/12\/barcelona-apabulla-a-river-plate-en-mundial-de-clubes\/\">se proclam\u00f3 campe\u00f3n en el Mundial de Clubes 2015<\/a> tras vapulear a River Plate en la final (3-0). Lionel Messi indic\u00f3 el camino y Luis Su\u00e1rez lo asegur\u00f3 con un doblete.<\/p>\n<p><strong>99\u00a0|\u00a0<strong><span style=\"color: #800000;\">LO M\u00c1S VISTO\u00a0en\u00a0FT.com<\/span><\/strong><\/strong>\u00a0| Jueves\u00a024 |\u00a0<strong><strong><a href=\"http:\/\/futboltotal.com.mx\/2015\/12\/arsenal-prepara-suculenta-oferta-por-chicharito\/\">Suculenta oferta<\/a><\/strong><\/strong> |\u00a0Pese a que el Bayer Leverkusen ha asegurado que\u00a0<a href=\"http:\/\/futboltotal.com.mx\/?s=chicharito\">Chicharito<\/a>\u00a0no est\u00e1 en venta, el\u00a0Arsenal\u00a0no cesar\u00e1 en su intento en contratar a Javier Hern\u00e1ndez y con ello cumplir con uno de los deseos del franc\u00e9s Ars\u00e8ne Wenger, t\u00e9cnico de los\u00a0<em>Gunners<\/em>.<\/p>\n<p><strong>100<\/strong> |\u00a0<strong><span style=\"color: #800000;\">LO M\u00c1S VISTO\u00a0en\u00a0FT.com<\/span><\/strong>\u00a0| Viernes\u00a025 | <strong><a href=\"http:\/\/futboltotal.com.mx\/2015\/12\/radamel-falcao-en-la-orbita-tigres\/\">\u00bfUn Tigre a Tigres?<\/a>\u00a0|\u00a0<\/strong>En plena Navidad, en Francia est\u00e1 sonando la posibilidad de que el astro colombiano Radamel Falcao recale en el conjunto de la\u00a0UANL\u00a0de cara al Apertura 2016.<\/p>\n<p><a href=\"http:\/\/futboltotal.com.mx\/2015\/12\/100-sucesos-del-2015\/\">PRIMERA\u00a0ENTREGA<\/a><\/p>\n<p><a href=\"http:\/\/futboltotal.com.mx\/2015\/12\/100-sucesos-del-2015-2\/\">SEGUNDA ENTREGA<\/a><\/p>\n<p><a href=\"http:\/\/futboltotal.com.mx\/2015\/12\/100-sucesos-del-2015-3\/\">TERCERA ENTREGA<\/a><\/p>\n","protected":false},"excerpt":{"rendered":"<p>Los hechos m\u00e1s significativos del a\u00f1o | SEPTIEMBRE &#8211; DICIEMBRE<\/p>\n","protected":false},"author":20,"featured_media":345145,"comment_status":"closed","ping_status":"closed","sticky":false,"template":"","format":"standard","meta":[],"categories":[3839,2198,5951],"tags":[4545],"_links":{"self":[{"href":"http:\/\/desarrollo.grupomedios.com\/futbol\/wp-json\/wp\/v2\/posts\/345377"}],"collection":[{"href":"http:\/\/desarrollo.grupomedios.com\/futbol\/wp-json\/wp\/v2\/posts"}],"about":[{"href":"http:\/\/desarrollo.grupomedios.com\/futbol\/wp-json\/wp\/v2\/types\/post"}],"author":[{"embeddable":true,"href":"http:\/\/desarrollo.grupomedios.com\/futbol\/wp-json\/wp\/v2\/users\/20"}],"replies":[{"embeddable":true,"href":"http:\/\/desarrollo.grupomedios.com\/futbol\/wp-json\/wp\/v2\/comments?post=345377"}],"version-history":[{"count":0,"href":"http:\/\/desarrollo.grupomedios.com\/futbol\/wp-json\/wp\/v2\/posts\/345377\/revisions"}],"wp:featuredmedia":[{"embeddable":true,"href":"http:\/\/desarrollo.grupomedios.com\/futbol\/wp-json\/wp\/v2\/media\/345145"}],"wp:attachment":[{"href":"http:\/\/desarrollo.grupomedios.com\/futbol\/wp-json\/wp\/v2\/media?parent=345377"}],"wp:term":[{"taxonomy":"category","embeddable":true,"href":"http:\/\/desarrollo.grupomedios.com\/futbol\/wp-json\/wp\/v2\/categories?post=345377"},{"taxonomy":"post_tag","embeddable":true,"href":"http:\/\/desarrollo.grupomedios.com\/futbol\/wp-json\/wp\/v2\/tags?post=345377"}],"curies":[{"name":"wp","href":"https:\/\/api.w.org\/{rel}","templated":true}]}}