{"id":345494,"date":"2015-12-31T09:44:04","date_gmt":"2015-12-31T15:44:04","guid":{"rendered":"http:\/\/futboltotal.com.mx\/?p=345494"},"modified":"2015-12-31T09:44:04","modified_gmt":"2015-12-31T15:44:04","slug":"ochoa-presume-ser-titular-con-malaga","status":"publish","type":"post","link":"http:\/\/desarrollo.grupomedios.com\/futbol\/futbol-internacional\/ochoa-presume-ser-titular-con-malaga\/2015\/12","title":{"rendered":"Ochoa, \u00bfpresume ser titular con M\u00e1laga?"},"content":{"rendered":"<p>El portero del <strong>M\u00e1laga<\/strong>, <strong>Guillermo Ochoa Maga\u00f1a<\/strong>, parece estar contento y motivado para iniciar el 2016 de forma positiva, puesto que en el encuentro del mi\u00e9rcoles 30 de diciembre, el arquero titular del equipo, Carlos Kameni, termin\u00f3 con molestias.<\/p>\n<p>Tras el reporte m\u00e9dico del <strong>M\u00e1laga<\/strong>, donde informaban que a\u00fan no sab\u00edan cu\u00e1nto tardar\u00eda en recuperarse Carlos Kameni; se comenz\u00f3 a especular sobre el debut de <strong>Guillermo Ochoa<\/strong> en la Liga de Espa\u00f1a, para el primer encuentro de su equipo en el 2016, el cual ser\u00e1 ante el Celta de Vigo, el pr\u00f3ximo s\u00e1bado 2 de enero.<\/p>\n<p style=\"text-align: center;\"><span style=\"color: #3366ff;\"><strong><a style=\"color: #3366ff;\" href=\"http:\/\/futboltotal.com.mx\/2015\/12\/ochoa-iniciaria-el-2016-como-titular\/\" target=\"_blank\">LEER M\u00c1S: El reporte del M\u00e1laga sobre la lesi\u00f3n de Kameni<\/a><\/strong><\/span><\/p>\n<p>Ante esa situaci\u00f3n, y la posibilidad de que Carlos Kameni deje al equipo al inicio del a\u00f1o, <strong>Guillermo Ochoa<\/strong> public\u00f3 una imagen en su cuenta de Instagram, donde aparece su jersey de guardameta; por lo que podr\u00eda confirmar que inicia el 2016, como el portero titular del <strong>M\u00e1laga<\/strong>.<\/p>\n<blockquote class=\"instagram-media\" style=\"background: #FFF; border: 0; border-radius: 3px; box-shadow: 0 0 1px 0 rgba(0,0,0,0.5),0 1px 10px 0 rgba(0,0,0,0.15); margin: 1px; max-width: 658px; padding: 0; width: calc(100% - 2px);\" data-instgrm-captioned=\"\" data-instgrm-version=\"6\">\n<div style=\"padding: 8px;\">\n<div style=\"background: #F8F8F8; line-height: 0; margin-top: 40px; padding: 62.5% 0; text-align: center; width: 100%;\"><\/div>\n<p style=\"margin: 8px 0 0 0; padding: 0 4px;\"><a style=\"color: #000; font-family: Arial,sans-serif; font-size: 14px; font-style: normal; font-weight: normal; line-height: 17px; text-decoration: none; word-wrap: break-word;\" href=\"https:\/\/www.instagram.com\/p\/_9GmJlH2DE\/\" target=\"_blank\">13\u26bd\ufe0f<\/a><\/p>\n<p style=\"color: #c9c8cd; font-family: Arial,sans-serif; font-size: 14px; line-height: 17px; margin-bottom: 0; margin-top: 8px; overflow: hidden; padding: 8px 0 7px; text-align: center; text-overflow: ellipsis; white-space: nowrap;\">Una foto publicada por Guillermo Ochoa (@yosoy8a) el <time style=\"font-family: Arial,sans-serif; font-size: 14px; line-height: 17px;\" datetime=\"2015-12-31T11:36:10+00:00\">31 de Dic de 2015 a la(s) 3:36 PST<\/time><\/p>\n<\/div>\n<\/blockquote>\n<p><script src=\"\/\/platform.instagram.com\/en_US\/embeds.js\" async=\"\" defer=\"defer\"><\/script><\/p>\n","protected":false},"excerpt":{"rendered":"<p>Public\u00f3 una imagen donde parece confirmar que inicia el a\u00f1o positivamente<\/p>\n","protected":false},"author":20,"featured_media":345498,"comment_status":"closed","ping_status":"closed","sticky":false,"template":"","format":"standard","meta":[],"categories":[3839,3844,5951],"tags":[5991,306],"_links":{"self":[{"href":"http:\/\/desarrollo.grupomedios.com\/futbol\/wp-json\/wp\/v2\/posts\/345494"}],"collection":[{"href":"http:\/\/desarrollo.grupomedios.com\/futbol\/wp-json\/wp\/v2\/posts"}],"about":[{"href":"http:\/\/desarrollo.grupomedios.com\/futbol\/wp-json\/wp\/v2\/types\/post"}],"author":[{"embeddable":true,"href":"http:\/\/desarrollo.grupomedios.com\/futbol\/wp-json\/wp\/v2\/users\/20"}],"replies":[{"embeddable":true,"href":"http:\/\/desarrollo.grupomedios.com\/futbol\/wp-json\/wp\/v2\/comments?post=345494"}],"version-history":[{"count":0,"href":"http:\/\/desarrollo.grupomedios.com\/futbol\/wp-json\/wp\/v2\/posts\/345494\/revisions"}],"wp:featuredmedia":[{"embeddable":true,"href":"http:\/\/desarrollo.grupomedios.com\/futbol\/wp-json\/wp\/v2\/media\/345498"}],"wp:attachment":[{"href":"http:\/\/desarrollo.grupomedios.com\/futbol\/wp-json\/wp\/v2\/media?parent=345494"}],"wp:term":[{"taxonomy":"category","embeddable":true,"href":"http:\/\/desarrollo.grupomedios.com\/futbol\/wp-json\/wp\/v2\/categories?post=345494"},{"taxonomy":"post_tag","embeddable":true,"href":"http:\/\/desarrollo.grupomedios.com\/futbol\/wp-json\/wp\/v2\/tags?post=345494"}],"curies":[{"name":"wp","href":"https:\/\/api.w.org\/{rel}","templated":true}]}}