{"id":345509,"date":"2015-12-31T11:33:47","date_gmt":"2015-12-31T17:33:47","guid":{"rendered":"http:\/\/futboltotal.com.mx\/?p=345509"},"modified":"2015-12-31T12:09:37","modified_gmt":"2015-12-31T18:09:37","slug":"jona-dos-santos-y-villarreal-cierran-el-2015-con-victoria","status":"publish","type":"post","link":"http:\/\/desarrollo.grupomedios.com\/futbol\/futbol-internacional\/jona-dos-santos-y-villarreal-cierran-el-2015-con-victoria\/2015\/12","title":{"rendered":"Jona dos Santos y Villarreal, cierran el 2015 con victoria"},"content":{"rendered":"<p>En el \u00faltimo encuentro de la Liga de Espa\u00f1a en el 2015, celebrado en El Madrigal, <strong>Villarreal<\/strong> recibi\u00f3 al Valencia para cerrar el a\u00f1o con victoria; misi\u00f3n que alcanz\u00f3, gracias a un golazo de tiro libre de Bruno Soriano en la segunda mitad.<\/p>\n<p><strong>Jonathan dos Santos<\/strong> fue titular y estuvo participativo, pues desde el inicio del cotejo, ya daba avisos al Valencia, junto con Bruno Soriano, con disparos al marco de Jaume Domenech; sin embargo, el cotejo se mantuvo sin anotaciones durante la primera parte.<\/p>\n<p><strong>Villarreal<\/strong> aprovech\u00f3 la local\u00eda en el complemento, pues comenz\u00f3 a incrementar su dominio sobre el Valencia, y tras un tiro libre al minuto 64, Bruno Soriano abri\u00f3 el marcador del encuentro, gracias a una gran definici\u00f3n. <strong>Jonathan dos Santos<\/strong> abandon\u00f3 el terreno de juego, dos minutos despu\u00e9s.<\/p>\n<p>Valencia no tuvo capacidad de reacci\u00f3n y el encuentro termin\u00f3 con victoria de <strong>Villarreal<\/strong> en casa, por la m\u00ednima diferencia. Con ese resultado, el Submarino amarillo se qued\u00f3 con la cuarta posici\u00f3n en la Liga de Espa\u00f1a, al cierre de 2015, al sumar 33 unidades.<\/p>\n<div id=\"galleryAVX\" style=\"display:none;\"><img alt=\"\" src=\"http:\/\/desarrollo.grupomedios.com\/futbol\/wp-content\/uploads\/2015\/12\/villarreal-vs-valencia.jpg\" data-image=\"http:\/\/desarrollo.grupomedios.com\/futbol\/wp-content\/uploads\/2015\/12\/villarreal-vs-valencia.jpg\" data-description=\"villarreal-vs-valencia\"><img alt=\"\" src=\"http:\/\/desarrollo.grupomedios.com\/futbol\/wp-content\/uploads\/2015\/12\/villarreal-vs-valencia-1.jpg\" data-image=\"http:\/\/desarrollo.grupomedios.com\/futbol\/wp-content\/uploads\/2015\/12\/villarreal-vs-valencia-1.jpg\" data-description=\"villarreal-vs-valencia-1\"><img alt=\"\" src=\"http:\/\/desarrollo.grupomedios.com\/futbol\/wp-content\/uploads\/2015\/12\/villarreal-vs-valencia-2.jpg\" data-image=\"http:\/\/desarrollo.grupomedios.com\/futbol\/wp-content\/uploads\/2015\/12\/villarreal-vs-valencia-2.jpg\" data-description=\"villarreal-vs-valencia-2\"><img alt=\"\" src=\"http:\/\/desarrollo.grupomedios.com\/futbol\/wp-content\/uploads\/2015\/12\/villarreal-vs-valencia-3.jpg\" data-image=\"http:\/\/desarrollo.grupomedios.com\/futbol\/wp-content\/uploads\/2015\/12\/villarreal-vs-valencia-3.jpg\" data-description=\"villarreal-vs-valencia-3\"><img alt=\"\" src=\"http:\/\/desarrollo.grupomedios.com\/futbol\/wp-content\/uploads\/2015\/12\/villarreal-vs-valencia-4.jpg\" data-image=\"http:\/\/desarrollo.grupomedios.com\/futbol\/wp-content\/uploads\/2015\/12\/villarreal-vs-valencia-4.jpg\" data-description=\"villarreal-vs-valencia-4\"><img alt=\"\" src=\"http:\/\/desarrollo.grupomedios.com\/futbol\/wp-content\/uploads\/2015\/12\/villarreal-vs-valencia-5.jpg\" data-image=\"http:\/\/desarrollo.grupomedios.com\/futbol\/wp-content\/uploads\/2015\/12\/villarreal-vs-valencia-5.jpg\" data-description=\"villarreal-vs-valencia-5\"><\/div>\n        <script>\n        \/\/galeria 1\n        jQuery(document).ready(function(){ \n            var api;\n            api = jQuery(\"#galleryAVX\").unitegallery({\n                carousel_autoplay: false\n            }); \n        });\n        <\/script>\n        \n<p>Alineaciones:<\/p>\n<p><strong>Villarreal:<\/strong> Arreola, Mario, Musacchio, Ruiz, Mar\u00edn, Jona dos Santos, Trigueros, Bruno, Su\u00e1rez,  Bakambu y Soldado.<\/p>\n<p><strong>Valencia:<\/strong> Domenech, Vezo, Abdennour, Santos, Cancelo, Danilo, Parejo, Gomes, Barrag\u00e1n, Alc\u00e1cer y Negredo. <\/p>\n<p><iframe loading=\"lazy\" src=\"https:\/\/www.youtube.com\/embed\/zxrvN7DCNCI\" frameborder=\"0\" allowfullscreen><\/iframe><\/p>\n","protected":false},"excerpt":{"rendered":"<p>El Submarino Amarillo trep\u00f3 al cuarto lugar<\/p>\n","protected":false},"author":20,"featured_media":345514,"comment_status":"closed","ping_status":"closed","sticky":false,"template":"","format":"standard","meta":[],"categories":[3839,3844,5951],"tags":[48,4545,2607],"_links":{"self":[{"href":"http:\/\/desarrollo.grupomedios.com\/futbol\/wp-json\/wp\/v2\/posts\/345509"}],"collection":[{"href":"http:\/\/desarrollo.grupomedios.com\/futbol\/wp-json\/wp\/v2\/posts"}],"about":[{"href":"http:\/\/desarrollo.grupomedios.com\/futbol\/wp-json\/wp\/v2\/types\/post"}],"author":[{"embeddable":true,"href":"http:\/\/desarrollo.grupomedios.com\/futbol\/wp-json\/wp\/v2\/users\/20"}],"replies":[{"embeddable":true,"href":"http:\/\/desarrollo.grupomedios.com\/futbol\/wp-json\/wp\/v2\/comments?post=345509"}],"version-history":[{"count":0,"href":"http:\/\/desarrollo.grupomedios.com\/futbol\/wp-json\/wp\/v2\/posts\/345509\/revisions"}],"wp:featuredmedia":[{"embeddable":true,"href":"http:\/\/desarrollo.grupomedios.com\/futbol\/wp-json\/wp\/v2\/media\/345514"}],"wp:attachment":[{"href":"http:\/\/desarrollo.grupomedios.com\/futbol\/wp-json\/wp\/v2\/media?parent=345509"}],"wp:term":[{"taxonomy":"category","embeddable":true,"href":"http:\/\/desarrollo.grupomedios.com\/futbol\/wp-json\/wp\/v2\/categories?post=345509"},{"taxonomy":"post_tag","embeddable":true,"href":"http:\/\/desarrollo.grupomedios.com\/futbol\/wp-json\/wp\/v2\/tags?post=345509"}],"curies":[{"name":"wp","href":"https:\/\/api.w.org\/{rel}","templated":true}]}}