{"id":345581,"date":"2015-12-31T21:30:42","date_gmt":"2016-01-01T03:30:42","guid":{"rendered":"http:\/\/futboltotal.com.mx\/?p=345581"},"modified":"2015-12-31T21:49:04","modified_gmt":"2016-01-01T03:49:04","slug":"los-cracks-del-mundo-te-desean-feliz-ano-nuevo","status":"publish","type":"post","link":"http:\/\/desarrollo.grupomedios.com\/futbol\/futbol-internacional\/los-cracks-del-mundo-te-desean-feliz-ano-nuevo\/2015\/12","title":{"rendered":"Los cracks del mundo te desean Feliz A\u00f1o Nuevo"},"content":{"rendered":"<p>Nos regalan goles, excelsas jugadas, atajadas impresionantes, pero no dejan de ser humanos, y lo que m\u00e1s celebran es estar en estas \u00e9pocas del <strong>A\u00f1o Nuevo<\/strong> con sus familias. En ese estado se encuentran los futbolistas internacionales, esperando la llegada del 2016.<\/p>\n<p>Elementos de la talla de Cristiano Ronaldo, Harry Kane, Radamel Falcao, Alexis S\u00e1nchez, entre muchos m\u00e1s, aprovecharon sus redes sociales para demostrar como est\u00e1n viviendo las v\u00edsperas de <strong>A\u00f1o Nuevo<\/strong> con sus familias.<\/p>\n<p>De igual forma se dieron un tiempo para mandar un mensaje a todos sus seguidores, esperando que este 2016 este lleno de \u00e9xitos.<\/p>\n<p>Disfruta los mensajes de algunos <strong><em>cracks<\/em><\/strong>, a las horas previas de recibir el 2016.<\/p>\n<p style=\"text-align: center;\"><strong><span style=\"color: #3366ff;\">LEER M\u00c1S: Mexicanos en Europa, y sus festejos de fin de a\u00f1o<\/span><\/strong><\/p>\n<blockquote class=\"twitter-tweet\" width=\"500\">\n<p lang=\"es\" dir=\"ltr\">Adi\u00f3s 2015, bienvenido 2016&#10;<a href=\"https:\/\/twitter.com\/hashtag\/HappyNewYear?src=hash\">#HappyNewYear<\/a> ??&#10;&#10;Adieu 2015, bienvenue 2016. <a href=\"https:\/\/twitter.com\/hashtag\/BonneAnn%C3%A9e?src=hash\">#BonneAnn\u00e9e<\/a> <a href=\"https:\/\/twitter.com\/hashtag\/TeamGrizi?src=hash\">#TeamGrizi<\/a> ?? <a href=\"https:\/\/t.co\/gW5A3Hw4Hh\">pic.twitter.com\/gW5A3Hw4Hh<\/a><\/p>\n<p>&mdash; Antoine Griezmann (@AntoGriezmann) <a href=\"https:\/\/twitter.com\/AntoGriezmann\/status\/682711084600549376\">December 31, 2015<\/a><\/p><\/blockquote>\n<p><script async src=\"\/\/platform.twitter.com\/widgets.js\" charset=\"utf-8\"><\/script><\/p>\n<blockquote class=\"twitter-tweet\" width=\"500\">\n<p lang=\"en\" dir=\"ltr\">Happy new year everyone ????<\/p>\n<p>&mdash; Andr\u00e9 Sch\u00fcrrle (@Andre_Schuerrle) <a href=\"https:\/\/twitter.com\/Andre_Schuerrle\/status\/682729535968788480\">January 1, 2016<\/a><\/p><\/blockquote>\n<p><script async src=\"\/\/platform.twitter.com\/widgets.js\" charset=\"utf-8\"><\/script><\/p>\n<blockquote class=\"twitter-tweet\" width=\"500\">\n<p lang=\"es\" dir=\"ltr\">Feliz a\u00f1o, les deseo un 2016 lleno de alegr\u00edas y mucha salud. Gracias a Dios por todo.       Happy New year! <a href=\"https:\/\/t.co\/n2ziQIjpQq\">pic.twitter.com\/n2ziQIjpQq<\/a><\/p>\n<p>&mdash; James Rodr\u00edguez (@jamesdrodriguez) <a href=\"https:\/\/twitter.com\/jamesdrodriguez\/status\/682673650907131904\">December 31, 2015<\/a><\/p><\/blockquote>\n<p><script async src=\"\/\/platform.twitter.com\/widgets.js\" charset=\"utf-8\"><\/script><\/p>\n<p><a href=\"http:\/\/futboltotal.com.mx\/wp-content\/uploads\/2015\/12\/sanchez.jpg\"><img decoding=\"async\" loading=\"lazy\" class=\"alignnone wp-image-345614 size-full\" src=\"http:\/\/futboltotal.com.mx\/wp-content\/uploads\/2015\/12\/sanchez.jpg\" alt=\"sanchez\" srcset=\"http:\/\/desarrollo.grupomedios.com\/futbol\/wp-content\/uploads\/2015\/12\/sanchez.jpg 840w, http:\/\/desarrollo.grupomedios.com\/futbol\/wp-content\/uploads\/2015\/12\/sanchez-300x194.jpg 300w\" sizes=\"(max-width: 840px) 100vw, 840px\" \/><\/a><\/p>\n<blockquote class=\"twitter-tweet\" width=\"500\">\n<p lang=\"en\" dir=\"ltr\">The only gift in life is love. Always choose love! Happy New Year to you all from yours truly. <a href=\"https:\/\/t.co\/4hcD3jdgjt\">pic.twitter.com\/4hcD3jdgjt<\/a><\/p>\n<p>&mdash; Cristiano Ronaldo (@Cristiano) <a href=\"https:\/\/twitter.com\/Cristiano\/status\/682690572650459136\">December 31, 2015<\/a><\/p><\/blockquote>\n<p><script async src=\"\/\/platform.twitter.com\/widgets.js\" charset=\"utf-8\"><\/script><\/p>\n<blockquote class=\"twitter-tweet\" width=\"500\">\n<p lang=\"en\" dir=\"ltr\">2015 has been a year I will never forget! Thank you all for your support! Let&#39;s hope 2016 is even better! <a href=\"https:\/\/twitter.com\/hashtag\/NewYears?src=hash\">#NewYears<\/a> <a href=\"https:\/\/t.co\/GaKyFB8UTL\">pic.twitter.com\/GaKyFB8UTL<\/a><\/p>\n<p>&mdash; Harry Kane (@HKane) <a href=\"https:\/\/twitter.com\/HKane\/status\/682636361300586496\">December 31, 2015<\/a><\/p><\/blockquote>\n<p><script async src=\"\/\/platform.twitter.com\/widgets.js\" charset=\"utf-8\"><\/script><\/p>\n<p><a href=\"http:\/\/futboltotal.com.mx\/wp-content\/uploads\/2015\/12\/Falcao-2.jpg\"><img decoding=\"async\" loading=\"lazy\" class=\"alignnone wp-image-345599 size-full\" src=\"http:\/\/futboltotal.com.mx\/wp-content\/uploads\/2015\/12\/Falcao-2.jpg\" alt=\"Falcao (2)\" srcset=\"http:\/\/desarrollo.grupomedios.com\/futbol\/wp-content\/uploads\/2015\/12\/Falcao-2.jpg 372w, http:\/\/desarrollo.grupomedios.com\/futbol\/wp-content\/uploads\/2015\/12\/Falcao-2-209x300.jpg 209w\" sizes=\"(max-width: 372px) 100vw, 372px\" \/><\/a><\/p>\n<p>&nbsp;<\/p>\n<blockquote class=\"twitter-tweet\" width=\"500\">\n<p lang=\"ht\" dir=\"ltr\">\u00a1Feliz A\u00f1o Nuevo! Bonne ann\u00e9e 2016 \u00e0 tous !! Happy new year ! <a href=\"https:\/\/twitter.com\/hashtag\/TeamVarane?src=hash\">#TeamVarane<\/a> <a href=\"https:\/\/twitter.com\/hashtag\/RealMadrid?src=hash\">#RealMadrid<\/a> <a href=\"https:\/\/twitter.com\/hashtag\/Equipedefrance?src=hash\">#Equipedefrance<\/a> <a href=\"https:\/\/t.co\/4EO6md4YVA\">pic.twitter.com\/4EO6md4YVA<\/a><\/p>\n<p>&mdash; Rapha\u00ebl Varane (@raphaelvarane) <a href=\"https:\/\/twitter.com\/raphaelvarane\/status\/682701297590603781\">December 31, 2015<\/a><\/p><\/blockquote>\n<p><script async src=\"\/\/platform.twitter.com\/widgets.js\" charset=\"utf-8\"><\/script><\/p>\n<p><a href=\"http:\/\/futboltotal.com.mx\/wp-content\/uploads\/2015\/12\/isco.jpg\"><img decoding=\"async\" loading=\"lazy\" class=\"alignnone wp-image-345613 size-full\" src=\"http:\/\/futboltotal.com.mx\/wp-content\/uploads\/2015\/12\/isco.jpg\" alt=\"isco\" srcset=\"http:\/\/desarrollo.grupomedios.com\/futbol\/wp-content\/uploads\/2015\/12\/isco.jpg 838w, http:\/\/desarrollo.grupomedios.com\/futbol\/wp-content\/uploads\/2015\/12\/isco-300x194.jpg 300w\" sizes=\"(max-width: 838px) 100vw, 838px\" \/><\/a><\/p>\n<blockquote class=\"twitter-tweet\" width=\"500\">\n<p lang=\"en\" dir=\"ltr\">2016&#8230;&#8230;.here we come!!!! <a href=\"https:\/\/twitter.com\/hashtag\/happynewyear?src=hash\">#happynewyear<\/a> <a href=\"https:\/\/twitter.com\/hashtag\/buonanno?src=hash\">#buonanno<\/a><\/p>\n<p>&mdash; GIUSEPPE ROSSI (@GiuseppeRossi22) <a href=\"https:\/\/twitter.com\/GiuseppeRossi22\/status\/682702156953157633\">December 31, 2015<\/a><\/p><\/blockquote>\n<p><script async src=\"\/\/platform.twitter.com\/widgets.js\" charset=\"utf-8\"><\/script><\/p>\n<blockquote class=\"twitter-tweet\" width=\"500\">\n<p lang=\"es\" dir=\"ltr\">Desearles un feliz 2016 a todos!? <a href=\"https:\/\/twitter.com\/TeamPresiMoney\">@teampresimoney<\/a> <a href=\"https:\/\/twitter.com\/OmarMascarell\">@omarmascarell<\/a> <a href=\"https:\/\/t.co\/aYxUw0Fab7\">pic.twitter.com\/aYxUw0Fab7<\/a><\/p>\n<p>&mdash; JeseRodriguez10 (@JeseRodriguez10) <a href=\"https:\/\/twitter.com\/JeseRodriguez10\/status\/682715402435182593\">January 1, 2016<\/a><\/p><\/blockquote>\n<p><script async src=\"\/\/platform.twitter.com\/widgets.js\" charset=\"utf-8\"><\/script><\/p>\n<blockquote class=\"twitter-tweet\" width=\"500\">\n<p lang=\"en\" dir=\"ltr\">Happy new year to all of you \u2764\ufe0f?<\/p>\n<p>&mdash; Adnan Januzaj (@adnanjanuzaj) <a href=\"https:\/\/twitter.com\/adnanjanuzaj\/status\/682714233692385280\">January 1, 2016<\/a><\/p><\/blockquote>\n<p><script async src=\"\/\/platform.twitter.com\/widgets.js\" charset=\"utf-8\"><\/script><\/p>\n<blockquote class=\"twitter-tweet\" width=\"500\">\n<p lang=\"en\" dir=\"ltr\">Ultimi attimi del 2015&#8230; Happy New Year to everyone ? <a href=\"https:\/\/t.co\/dqyoOjfG4G\">pic.twitter.com\/dqyoOjfG4G<\/a><\/p>\n<p>&mdash; Matteo Darmian (@DarmianOfficial) <a href=\"https:\/\/twitter.com\/DarmianOfficial\/status\/682713769076781056\">January 1, 2016<\/a><\/p><\/blockquote>\n<p><script async src=\"\/\/platform.twitter.com\/widgets.js\" charset=\"utf-8\"><\/script><\/p>\n<blockquote class=\"twitter-tweet\" width=\"500\">\n<p lang=\"es\" dir=\"ltr\">Feliz a\u00f1o. Dios los llene de bendiciones para este a\u00f1o nuevo y q se cumplan todas sus metas.Pura vida y HalaMadrid!! <a href=\"https:\/\/t.co\/TQQ8VwdGpp\">pic.twitter.com\/TQQ8VwdGpp<\/a><\/p>\n<p>&mdash; Keylor Navas (@NavasKeylor) <a href=\"https:\/\/twitter.com\/NavasKeylor\/status\/682729882275598337\">January 1, 2016<\/a><\/p><\/blockquote>\n<p><script async src=\"\/\/platform.twitter.com\/widgets.js\" charset=\"utf-8\"><\/script><\/p>\n","protected":false},"excerpt":{"rendered":"<p>Futbolistas disfrutan con sus familias, y te desean lo mejor para este 2016<\/p>\n","protected":false},"author":20,"featured_media":345623,"comment_status":"closed","ping_status":"closed","sticky":false,"template":"","format":"standard","meta":[],"categories":[3839,5951],"tags":[6053,6013,4829,6639,6082,5590],"_links":{"self":[{"href":"http:\/\/desarrollo.grupomedios.com\/futbol\/wp-json\/wp\/v2\/posts\/345581"}],"collection":[{"href":"http:\/\/desarrollo.grupomedios.com\/futbol\/wp-json\/wp\/v2\/posts"}],"about":[{"href":"http:\/\/desarrollo.grupomedios.com\/futbol\/wp-json\/wp\/v2\/types\/post"}],"author":[{"embeddable":true,"href":"http:\/\/desarrollo.grupomedios.com\/futbol\/wp-json\/wp\/v2\/users\/20"}],"replies":[{"embeddable":true,"href":"http:\/\/desarrollo.grupomedios.com\/futbol\/wp-json\/wp\/v2\/comments?post=345581"}],"version-history":[{"count":0,"href":"http:\/\/desarrollo.grupomedios.com\/futbol\/wp-json\/wp\/v2\/posts\/345581\/revisions"}],"wp:featuredmedia":[{"embeddable":true,"href":"http:\/\/desarrollo.grupomedios.com\/futbol\/wp-json\/wp\/v2\/media\/345623"}],"wp:attachment":[{"href":"http:\/\/desarrollo.grupomedios.com\/futbol\/wp-json\/wp\/v2\/media?parent=345581"}],"wp:term":[{"taxonomy":"category","embeddable":true,"href":"http:\/\/desarrollo.grupomedios.com\/futbol\/wp-json\/wp\/v2\/categories?post=345581"},{"taxonomy":"post_tag","embeddable":true,"href":"http:\/\/desarrollo.grupomedios.com\/futbol\/wp-json\/wp\/v2\/tags?post=345581"}],"curies":[{"name":"wp","href":"https:\/\/api.w.org\/{rel}","templated":true}]}}