{"id":345635,"date":"2016-01-01T11:01:01","date_gmt":"2016-01-01T17:01:01","guid":{"rendered":"http:\/\/futboltotal.com.mx\/?p=345635"},"modified":"2016-01-01T15:18:03","modified_gmt":"2016-01-01T21:18:03","slug":"kameni-arruina-debut-de-ochoa-en-liga","status":"publish","type":"post","link":"http:\/\/desarrollo.grupomedios.com\/futbol\/futbol-internacional\/kameni-arruina-debut-de-ochoa-en-liga\/2016\/01","title":{"rendered":"Kameni arruina debut de Ochoa en Liga"},"content":{"rendered":"<p>Las posibilidades de <strong>Guillermo Ochoa<\/strong>\u00a0de iniciar el 2016 con el pie derecho\u00a0para\u00a0ser el portero titular del <strong>M\u00e1laga<\/strong> en el juego contra el Celta de Vigo del pr\u00f3ximo s\u00e1bado 2 de enero, han quedado descartadas, pues <strong>Carlos Kameni<\/strong> ya se present\u00f3 a los entrenamientos del equipo.<\/p>\n<p>El portero titular del <strong>M\u00e1laga<\/strong>, <strong>Carlos Kameni<\/strong>, quien present\u00f3 molestias tras el \u00faltimo partido del equipo; ya se reintegr\u00f3 a los trabajos del club, por lo que <strong>Guillermo Ochoa<\/strong> volver\u00eda a ver un juego de la Liga de Espa\u00f1a, desde la banca.<\/p>\n<p>A trav\u00e9s de sus redes sociales, el <strong>M\u00e1laga<\/strong> comparti\u00f3 la noticia del regreso de <strong>Carlos Kameni <\/strong>a los entrenamientos:<\/p>\n<blockquote class=\"twitter-tweet\" lang=\"es\">\n<p dir=\"ltr\" lang=\"es\">ENTRENAMIENTO| Kameni y Angeleri se han reintegrado al grupo en esta primera sesi\u00f3n de 2016 \u27a1<a href=\"https:\/\/t.co\/lCj5JVMur2\">https:\/\/t.co\/lCj5JVMur2<\/a> <a href=\"https:\/\/t.co\/HtQcMhiz05\">pic.twitter.com\/HtQcMhiz05<\/a><\/p>\n<p>\u2014 M\u00e1laga CF (@MalagaCF) <a href=\"https:\/\/twitter.com\/MalagaCF\/status\/682914194920976384\">enero 1, 2016<\/a><\/p><\/blockquote>\n<p><script src=\"\/\/platform.twitter.com\/widgets.js\" async=\"\" charset=\"utf-8\"><\/script><\/p>\n","protected":false},"excerpt":{"rendered":"<p>El cancerbero se recuper\u00f3 y ya se integr\u00f3 a los entrenamientos<\/p>\n","protected":false},"author":20,"featured_media":345637,"comment_status":"closed","ping_status":"closed","sticky":false,"template":"","format":"standard","meta":[],"categories":[3839,3844,5951],"tags":[5991,306],"_links":{"self":[{"href":"http:\/\/desarrollo.grupomedios.com\/futbol\/wp-json\/wp\/v2\/posts\/345635"}],"collection":[{"href":"http:\/\/desarrollo.grupomedios.com\/futbol\/wp-json\/wp\/v2\/posts"}],"about":[{"href":"http:\/\/desarrollo.grupomedios.com\/futbol\/wp-json\/wp\/v2\/types\/post"}],"author":[{"embeddable":true,"href":"http:\/\/desarrollo.grupomedios.com\/futbol\/wp-json\/wp\/v2\/users\/20"}],"replies":[{"embeddable":true,"href":"http:\/\/desarrollo.grupomedios.com\/futbol\/wp-json\/wp\/v2\/comments?post=345635"}],"version-history":[{"count":0,"href":"http:\/\/desarrollo.grupomedios.com\/futbol\/wp-json\/wp\/v2\/posts\/345635\/revisions"}],"wp:featuredmedia":[{"embeddable":true,"href":"http:\/\/desarrollo.grupomedios.com\/futbol\/wp-json\/wp\/v2\/media\/345637"}],"wp:attachment":[{"href":"http:\/\/desarrollo.grupomedios.com\/futbol\/wp-json\/wp\/v2\/media?parent=345635"}],"wp:term":[{"taxonomy":"category","embeddable":true,"href":"http:\/\/desarrollo.grupomedios.com\/futbol\/wp-json\/wp\/v2\/categories?post=345635"},{"taxonomy":"post_tag","embeddable":true,"href":"http:\/\/desarrollo.grupomedios.com\/futbol\/wp-json\/wp\/v2\/tags?post=345635"}],"curies":[{"name":"wp","href":"https:\/\/api.w.org\/{rel}","templated":true}]}}