{"id":345699,"date":"2016-01-01T15:58:45","date_gmt":"2016-01-01T21:58:45","guid":{"rendered":"http:\/\/futboltotal.com.mx\/?p=345699"},"modified":"2016-01-01T17:18:20","modified_gmt":"2016-01-01T23:18:20","slug":"matias-vuoso-inicia-el-ano-con-pelea","status":"publish","type":"post","link":"http:\/\/desarrollo.grupomedios.com\/futbol\/futbol-mexicano\/matias-vuoso-inicia-el-ano-con-pelea\/2016\/01","title":{"rendered":"Mat\u00edas Vuoso inicia el a\u00f1o con pelea"},"content":{"rendered":"<p>El delantero del <strong><a href=\"http:\/\/futboltotal.com.mx\/equipos\/cruz-azul\/\" target=\"_blank\">Cruz Azul<\/a><\/strong>, <strong>Vicente Mat\u00edas Vuoso<\/strong>, fue sorprendido en un antro de Acapulco, mientras peleaba con otra persona, a quien le dio un cabezado. Ambos fueron detenidos por el personal de seguridad del tugurio.<\/p>\n<p>El argentino naturalizado mexicano, acudi\u00f3 al <em>Baby&#8217;O<\/em>, un antro de mucha concurrencia en Acapulco, Guerrero, donde tuvo un enfrentamiento con otro asistente del lugar; local en el que fueron grabados por el portal de <em>Medio Tiempo<\/em>, quien dio a conocer el altercado de <strong>Mat\u00edas Vuoso<\/strong>, a trav\u00e9s de redes sociales.<\/p>\n<p style=\"text-align: center;\"><span style=\"color: #3366ff;\"><strong><a style=\"color: #3366ff;\" href=\"http:\/\/futboltotal.com.mx\/2015\/09\/los-10-futbolistas-mas-peleoneros-de-la-liga-mx-2\/\" target=\"_blank\">LEER M\u00c1S: Los futbolistas m\u00e1s peleoneros de la Liga MX<\/a><\/strong><\/span><\/p>\n<p style=\"text-align: left;\"><strong>Mat\u00edas Vuoso<\/strong> porpin\u00f3 un cabezazo a su interlocutor en el antro, y enseguida lleg\u00f3 el personal de seguridad, m\u00e1s adelante, se vislumbr\u00f3 que el delantero llevaba su camisa rota.<\/p>\n<p>Con el conflicto de <strong>Mat\u00edas Vuoso<\/strong>, esta ser\u00eda la segunda vez que un futbolista de <strong>Cruz Azul<\/strong>, se vea envuelto en un problema dentro de un bar, en los \u00faltimos a\u00f1os. La \u00faltima ocasi\u00f3n en que sucedi\u00f3, fue con el guardameta Jos\u00e9 de Jes\u00fas Corona.<\/p>\n<p style=\"text-align: center;\"><span style=\"color: #3366ff;\"><strong><a style=\"color: #3366ff;\" href=\"http:\/\/futboltotal.com.mx\/2015\/11\/futbolistas-violentos-fuera-de-la-cancha-2\/\" target=\"_blank\">LEER M\u00c1S: Futbolistas que pelearon fuera de la cancha<\/a><\/strong><\/span><\/p>\n","protected":false},"excerpt":{"rendered":"<p>El delantero fue sorprendido en ri\u00f1a en un antro de Acapulco<\/p>\n","protected":false},"author":20,"featured_media":345703,"comment_status":"closed","ping_status":"closed","sticky":false,"template":"","format":"standard","meta":[],"categories":[5419,2198,5418],"tags":[331],"_links":{"self":[{"href":"http:\/\/desarrollo.grupomedios.com\/futbol\/wp-json\/wp\/v2\/posts\/345699"}],"collection":[{"href":"http:\/\/desarrollo.grupomedios.com\/futbol\/wp-json\/wp\/v2\/posts"}],"about":[{"href":"http:\/\/desarrollo.grupomedios.com\/futbol\/wp-json\/wp\/v2\/types\/post"}],"author":[{"embeddable":true,"href":"http:\/\/desarrollo.grupomedios.com\/futbol\/wp-json\/wp\/v2\/users\/20"}],"replies":[{"embeddable":true,"href":"http:\/\/desarrollo.grupomedios.com\/futbol\/wp-json\/wp\/v2\/comments?post=345699"}],"version-history":[{"count":0,"href":"http:\/\/desarrollo.grupomedios.com\/futbol\/wp-json\/wp\/v2\/posts\/345699\/revisions"}],"wp:featuredmedia":[{"embeddable":true,"href":"http:\/\/desarrollo.grupomedios.com\/futbol\/wp-json\/wp\/v2\/media\/345703"}],"wp:attachment":[{"href":"http:\/\/desarrollo.grupomedios.com\/futbol\/wp-json\/wp\/v2\/media?parent=345699"}],"wp:term":[{"taxonomy":"category","embeddable":true,"href":"http:\/\/desarrollo.grupomedios.com\/futbol\/wp-json\/wp\/v2\/categories?post=345699"},{"taxonomy":"post_tag","embeddable":true,"href":"http:\/\/desarrollo.grupomedios.com\/futbol\/wp-json\/wp\/v2\/tags?post=345699"}],"curies":[{"name":"wp","href":"https:\/\/api.w.org\/{rel}","templated":true}]}}