{"id":345726,"date":"2016-01-01T17:13:25","date_gmt":"2016-01-01T23:13:25","guid":{"rendered":"http:\/\/futboltotal.com.mx\/?p=345726"},"modified":"2016-01-01T17:14:06","modified_gmt":"2016-01-01T23:14:06","slug":"isco-en-camino-a-mudarse-al-manchester-city","status":"publish","type":"post","link":"http:\/\/desarrollo.grupomedios.com\/futbol\/futbol-internacional\/isco-en-camino-a-mudarse-al-manchester-city\/2016\/01","title":{"rendered":"Isco, en camino a mudarse al Manchester City"},"content":{"rendered":"<p>El <strong>Manchester City<\/strong> finaliz\u00f3 la primera vuelta de la Premier League en la tercera posici\u00f3n, por detr\u00e1s de Arsenal y Leicester City, pero con amplias posibilidades de remontar y asegurarse el t\u00edtulo, algo que buscar\u00e1 como es una costumbre en los \u00faltimos a\u00f1os a base de billetazos. De acuerdo a <em>The Mirror<\/em>, el mediocampista espa\u00f1ol, <strong>Isco<\/strong> Alarc\u00f3n, est\u00e1 en su radar y esperan acordar su traspaso en pr\u00f3ximos d\u00edas.<\/p>\n<p>Con 23 a\u00f1os, <strong>Isco<\/strong> no ha logrado asegurarse un lugar como indiscutible en el Real Madrid ni con Carlo Ancelotti ni con Rafa Ben\u00edtez, pese a sus excelsas cualidades, situaci\u00f3n que lo orillar\u00eda a buscar un cambio de colores, con el Manchester City como el principal candidato para adue\u00f1arse de sus servicios. El martes directivos de los <em>Citizens<\/em> y el representante del malacitano tendr\u00edan las primeras conversaciones para cerrar la negociaci\u00f3n seg\u00fan reportan medios ingleses, con una oferta inicial de 35 millones de euros.<\/p>\n<p>Entre los principales alicientes para abandonar al Real Madrid se encuentra su mala relaci\u00f3n con Rafa Ben\u00edtez, sobre todo, desde sus gestos en los que criticaba la suplencia de Kroos, incidente que lo ha dejado con solo 12 minutos de acci\u00f3n en los \u00faltimos tres partidos (sin minutos en los recientes dos). Adem\u00e1s,<strong> Isco<\/strong> se reencontrar\u00eda con Manuel Pellegrini, t\u00e9cnico del Manchester City con el que ya coincidi\u00f3 en el pasado mostrando una versi\u00f3n fant\u00e1stica en el M\u00e1laga, al que gui\u00f3 de manera sorprendente entre los mejores ocho de Europa en 2012-2013.<\/p>\n<p>El estratega chileno otorgar\u00eda minutos a <strong>Isco<\/strong>, situaci\u00f3n m\u00e1s que necesaria con la Euro 2016 a desarrollarse en verano, un sue\u00f1o que busca a como d\u00e9 lugar el mediocampista espa\u00f1ol.<\/p>\n<p style=\"text-align: center;\"><strong><span style=\"color: #3366ff;\"><a style=\"color: #3366ff;\" href=\"http:\/\/futboltotal.com.mx\/2016\/01\/regalazo-de-cristiano-ronaldo-a-su-madre\/\">LEER M\u00c1S: Regalazo de Cristiano Ronaldo a su madre. <\/a><\/span><\/strong><\/p>\n","protected":false},"excerpt":{"rendered":"<p>Frustrado por su poca participaci\u00f3n, los Citizens lo han tentado con un impactante rol <\/p>\n","protected":false},"author":20,"featured_media":345730,"comment_status":"closed","ping_status":"closed","sticky":false,"template":"","format":"standard","meta":[],"categories":[3839,3844,3846,5951],"tags":[253,6071,5993,5988],"_links":{"self":[{"href":"http:\/\/desarrollo.grupomedios.com\/futbol\/wp-json\/wp\/v2\/posts\/345726"}],"collection":[{"href":"http:\/\/desarrollo.grupomedios.com\/futbol\/wp-json\/wp\/v2\/posts"}],"about":[{"href":"http:\/\/desarrollo.grupomedios.com\/futbol\/wp-json\/wp\/v2\/types\/post"}],"author":[{"embeddable":true,"href":"http:\/\/desarrollo.grupomedios.com\/futbol\/wp-json\/wp\/v2\/users\/20"}],"replies":[{"embeddable":true,"href":"http:\/\/desarrollo.grupomedios.com\/futbol\/wp-json\/wp\/v2\/comments?post=345726"}],"version-history":[{"count":0,"href":"http:\/\/desarrollo.grupomedios.com\/futbol\/wp-json\/wp\/v2\/posts\/345726\/revisions"}],"wp:featuredmedia":[{"embeddable":true,"href":"http:\/\/desarrollo.grupomedios.com\/futbol\/wp-json\/wp\/v2\/media\/345730"}],"wp:attachment":[{"href":"http:\/\/desarrollo.grupomedios.com\/futbol\/wp-json\/wp\/v2\/media?parent=345726"}],"wp:term":[{"taxonomy":"category","embeddable":true,"href":"http:\/\/desarrollo.grupomedios.com\/futbol\/wp-json\/wp\/v2\/categories?post=345726"},{"taxonomy":"post_tag","embeddable":true,"href":"http:\/\/desarrollo.grupomedios.com\/futbol\/wp-json\/wp\/v2\/tags?post=345726"}],"curies":[{"name":"wp","href":"https:\/\/api.w.org\/{rel}","templated":true}]}}