{"id":345770,"date":"2016-01-01T19:56:08","date_gmt":"2016-01-02T01:56:08","guid":{"rendered":"http:\/\/futboltotal.com.mx\/?p=345770"},"modified":"2016-01-01T20:42:16","modified_gmt":"2016-01-02T02:42:16","slug":"ubican-a-diego-simeone-como-el-proximo-dt-de-manchester-united","status":"publish","type":"post","link":"http:\/\/desarrollo.grupomedios.com\/futbol\/futbol-internacional\/ubican-a-diego-simeone-como-el-proximo-dt-de-manchester-united\/2016\/01","title":{"rendered":"Ubican a Simeone como pr\u00f3ximo DT del United"},"content":{"rendered":"<p>La pobre temporada del <strong>Manchester United<\/strong> bajo las ordenes de Louis Van Gaal obligan a la b\u00fasqueda de alternativas en caso de que el equipo prosiga con sus malos resultados, dentro de las cuales destaca el estratega argentino, <strong>Diego Simeone<\/strong>.<\/p>\n<p>El diario <em>The Sun<\/em> public\u00f3 este 1 de enero unas declaraciones de una fuente interna del Manchester United, la cual asegura que las principales estrellas del club ingl\u00e9s ya se habr\u00edan hecho a la idea de que <strong>Diego Simeone<\/strong> ser\u00e1 el pr\u00f3ximo entrenador del club.<\/p>\n<p style=\"text-align: center;\"><a href=\"http:\/\/futboltotal.com.mx\/wp-content\/uploads\/2016\/01\/Diego-Simeone-en-The-Sun.jpg\"><img decoding=\"async\" loading=\"lazy\" class=\"alignnone size-full wp-image-345781\" src=\"http:\/\/futboltotal.com.mx\/wp-content\/uploads\/2016\/01\/Diego-Simeone-en-The-Sun.jpg\" alt=\"Diego Simeone en The Sun\" srcset=\"http:\/\/desarrollo.grupomedios.com\/futbol\/wp-content\/uploads\/2016\/01\/Diego-Simeone-en-The-Sun.jpg 653w, http:\/\/desarrollo.grupomedios.com\/futbol\/wp-content\/uploads\/2016\/01\/Diego-Simeone-en-The-Sun-233x300.jpg 233w\" sizes=\"(max-width: 653px) 100vw, 653px\" \/><\/a><\/p>\n<p>Tras la decepcionante temporada que est\u00e1n protagonizando los <em>Red Devils<\/em> bajo la direcci\u00f3n de Louis Van Gaal, el Cholo Simeone, que siempre ha estado en la agenda del United, ser\u00eda el elegido para enderezar el rumbo del equipo a partir de la pr\u00f3xima temporada.<\/p>\n<p>Seg\u00fan lo revelado por The Sun, las principales estrellas del equipo hablan en privado sobre el Cholo, aunque p\u00fablicamente se respete la figura de Van Gaal, y desde luego a quien no se menciona es a Jose Mourinho, otro de los candidatos a ocupar el banquillo de Old Trafford la pr\u00f3xima temporada.<\/p>\n<p><strong>Simeone<\/strong> ha sonado adem\u00e1s como pr\u00f3ximo entrenador del PSG y del Manchester City y entres sus principales \u00e9xitos se encuentra el t\u00edtulo liguero conseguido con Atl\u00e9tico de Madrid en la temporada 2013-2014, situaci\u00f3n que espera repetir esta temporada, curiosamente con los mismos rivales del curso mencionado: Real Madrid y Barcelona como las grandes amenazas al hito.<\/p>\n<p style=\"text-align: center;\"><span style=\"color: #3366ff;\"><strong><a style=\"color: #3366ff;\" href=\"http:\/\/futboltotal.com.mx\/2016\/01\/augusto-fernandez-el-fichaje-sonado-para-atletico-de-madrid\/\">LEER M\u00c1S: Augusto Fern\u00e1ndez, el fichaje anhelado por el Atl\u00e9tico de Madrid. <\/a><\/strong><\/span><\/p>\n","protected":false},"excerpt":{"rendered":"<p>La pobre temporada del Manchester United bajo las ordenes de Louis Van Gaal obligan a la b\u00fasqueda de alternativas en caso de que el equipo prosiga con sus malos resultados, dentro de las cuales destaca el estratega argentino, Diego Simeone. El diario The Sun public\u00f3 este 1 de enero unas declaraciones de una fuente interna [&hellip;]<\/p>\n","protected":false},"author":20,"featured_media":345772,"comment_status":"closed","ping_status":"closed","sticky":false,"template":"","format":"standard","meta":[],"categories":[3839,3846,5951],"tags":[1384,780,43],"_links":{"self":[{"href":"http:\/\/desarrollo.grupomedios.com\/futbol\/wp-json\/wp\/v2\/posts\/345770"}],"collection":[{"href":"http:\/\/desarrollo.grupomedios.com\/futbol\/wp-json\/wp\/v2\/posts"}],"about":[{"href":"http:\/\/desarrollo.grupomedios.com\/futbol\/wp-json\/wp\/v2\/types\/post"}],"author":[{"embeddable":true,"href":"http:\/\/desarrollo.grupomedios.com\/futbol\/wp-json\/wp\/v2\/users\/20"}],"replies":[{"embeddable":true,"href":"http:\/\/desarrollo.grupomedios.com\/futbol\/wp-json\/wp\/v2\/comments?post=345770"}],"version-history":[{"count":0,"href":"http:\/\/desarrollo.grupomedios.com\/futbol\/wp-json\/wp\/v2\/posts\/345770\/revisions"}],"wp:featuredmedia":[{"embeddable":true,"href":"http:\/\/desarrollo.grupomedios.com\/futbol\/wp-json\/wp\/v2\/media\/345772"}],"wp:attachment":[{"href":"http:\/\/desarrollo.grupomedios.com\/futbol\/wp-json\/wp\/v2\/media?parent=345770"}],"wp:term":[{"taxonomy":"category","embeddable":true,"href":"http:\/\/desarrollo.grupomedios.com\/futbol\/wp-json\/wp\/v2\/categories?post=345770"},{"taxonomy":"post_tag","embeddable":true,"href":"http:\/\/desarrollo.grupomedios.com\/futbol\/wp-json\/wp\/v2\/tags?post=345770"}],"curies":[{"name":"wp","href":"https:\/\/api.w.org\/{rel}","templated":true}]}}