{"id":345787,"date":"2016-01-02T10:08:56","date_gmt":"2016-01-02T16:08:56","guid":{"rendered":"http:\/\/futboltotal.com.mx\/?p=345787"},"modified":"2016-01-02T10:13:39","modified_gmt":"2016-01-02T16:13:39","slug":"van-gaal-admite-que-no-debio-correr-al-chicharito","status":"publish","type":"post","link":"http:\/\/desarrollo.grupomedios.com\/futbol\/destacado-home\/van-gaal-admite-que-no-debio-correr-al-chicharito\/2016\/01","title":{"rendered":"Van Gaal, arrepentido de haber sacado al Chicharito"},"content":{"rendered":"<p>Era dif\u00edcil admitirlo, sobre todo despu\u00e9s de que le hab\u00eda dejado en claro que no tendr\u00eda participaci\u00f3n en el equipo; pero la buena temporada de Javier <strong><em>Chicharito<\/em><\/strong> Hern\u00e1ndez con el Bayer Leverkusen ha obligado a Louis <strong>Van Gaal<\/strong>, t\u00e9cnico del Manchester United, a reconocer que no debi\u00f3 de haber descartado al mexicano en el club.<\/p>\n<p>Se han dado a conocer unas declaraciones del t\u00e9cnico holand\u00e9s donde, ante los cuestionamientos de los reporteros, reconoci\u00f3 que sacar a CH14 del equipo fue mala idea.<\/p>\n<p>&#8220;Se puede decir que s\u00ed (fue un error). Pero no puedes cambiar nada m\u00e1s. No se puede ver eso a futuro\u201d.<\/p>\n<p style=\"text-align: center;\"><strong><span style=\"color: #3366ff;\"><a style=\"color: #3366ff;\" href=\"http:\/\/futboltotal.com.mx\/2015\/12\/chicharito-firma-su-mejor-ano-goleador\/\">LEER M\u00c1S: Chicharito firma su mejor a\u00f1o goleador<\/a><\/span><\/strong><\/p>\n<p>Sin embargo, el timonel justifico su salida debido a la forma que tiene de ver su desarrollo como entrenador, basado en la confianza que les da a determinados jugadores.<\/p>\n<p>&#8220;Yo no creo demasiado en la competencia. Creo en la confianza que tengo a algunos, tal vez est\u00e9 mal, pero lo he hecho toda mi vida como entrenador. Les doy la confianza a los jugadores. Demasiados delanteros de alta calidad para la misma posici\u00f3n es demasiada presi\u00f3n\u201d.<\/p>\n<p>Adem\u00e1s de <strong><em>Chicharito<\/em><\/strong>, <strong>Van Gaal<\/strong> tambi\u00e9n prescindi\u00f3 de elementos de la talla de Radamel Falcao y Robin Van Persie. El hecho de tener tantos delanteros lo oblig\u00f3 a dejar ir a varios, ya que, asegur\u00f3, muchos se la hubieran vivido en la banca, o hasta en la tribuna.<\/p>\n<p>&#8220;Pude haber mantenido todos los delanteros, pero entonces hubiera tenido demasiados; varios habr\u00edan estado en la tribuna, algunos no eran felices, se quer\u00edan ir. Es la historia de Hern\u00e1ndez por ejemplo. \u00c9l quiere jugar&#8221;, concluy\u00f3.<\/p>\n","protected":false},"excerpt":{"rendered":"<p>El holand\u00e9s requiere de goles, el mexicano los hace a racimos en Alemania<\/p>\n","protected":false},"author":20,"featured_media":345788,"comment_status":"closed","ping_status":"closed","sticky":false,"template":"","format":"standard","meta":[],"categories":[5,3839,5951],"tags":[4335,120,549,780,43],"_links":{"self":[{"href":"http:\/\/desarrollo.grupomedios.com\/futbol\/wp-json\/wp\/v2\/posts\/345787"}],"collection":[{"href":"http:\/\/desarrollo.grupomedios.com\/futbol\/wp-json\/wp\/v2\/posts"}],"about":[{"href":"http:\/\/desarrollo.grupomedios.com\/futbol\/wp-json\/wp\/v2\/types\/post"}],"author":[{"embeddable":true,"href":"http:\/\/desarrollo.grupomedios.com\/futbol\/wp-json\/wp\/v2\/users\/20"}],"replies":[{"embeddable":true,"href":"http:\/\/desarrollo.grupomedios.com\/futbol\/wp-json\/wp\/v2\/comments?post=345787"}],"version-history":[{"count":0,"href":"http:\/\/desarrollo.grupomedios.com\/futbol\/wp-json\/wp\/v2\/posts\/345787\/revisions"}],"wp:featuredmedia":[{"embeddable":true,"href":"http:\/\/desarrollo.grupomedios.com\/futbol\/wp-json\/wp\/v2\/media\/345788"}],"wp:attachment":[{"href":"http:\/\/desarrollo.grupomedios.com\/futbol\/wp-json\/wp\/v2\/media?parent=345787"}],"wp:term":[{"taxonomy":"category","embeddable":true,"href":"http:\/\/desarrollo.grupomedios.com\/futbol\/wp-json\/wp\/v2\/categories?post=345787"},{"taxonomy":"post_tag","embeddable":true,"href":"http:\/\/desarrollo.grupomedios.com\/futbol\/wp-json\/wp\/v2\/tags?post=345787"}],"curies":[{"name":"wp","href":"https:\/\/api.w.org\/{rel}","templated":true}]}}