{"id":345802,"date":"2016-01-02T12:48:40","date_gmt":"2016-01-02T18:48:40","guid":{"rendered":"http:\/\/futboltotal.com.mx\/?p=345802"},"modified":"2016-01-02T12:48:40","modified_gmt":"2016-01-02T18:48:40","slug":"se-metieron-con-mi-mujer-matias-vuoso","status":"publish","type":"post","link":"http:\/\/desarrollo.grupomedios.com\/futbol\/futbol-mexicano\/se-metieron-con-mi-mujer-matias-vuoso\/2016\/01","title":{"rendered":"&#8220;Se metieron con mi mujer&#8221;: Mat\u00edas Vuoso"},"content":{"rendered":"<p>Durante el pasado viernes 1 de enero, se divulg\u00f3 a trav\u00e9s de redes y medios, que el delantero de <strong><a href=\"http:\/\/futboltotal.com.mx\/equipos\/cruz-azul\/\" target=\"_blank\">Cruz Azul<\/a><\/strong>,<strong> Vicente Mat\u00edas Vuoso<\/strong>, se hab\u00eda peleado dentro de un bar de Acapulco. Al respecto, el naturalizado explica el porqu\u00e9 se dio el conflicto.<\/p>\n<p><strong>Mat\u00edas Vuoso<\/strong> explic\u00f3 que su interlocutor le falt\u00f3 al respeto a su esposa, y esa fue la situaci\u00f3n por la que empez\u00f3 el altercado; sin embargo, el delantero se\u00f1ala que el conflicto no pas\u00f3 de empujones, y despu\u00e9s de eso, se separaron, por lo que explica, que se exager\u00f3 su conflicto.<\/p>\n<p style=\"text-align: center;\"><span style=\"color: #3366ff;\"><strong><a style=\"color: #3366ff;\" href=\"http:\/\/futboltotal.com.mx\/2016\/01\/matias-vuoso-inicia-el-ano-con-pelea\/\" target=\"_blank\">LEER M\u00c1S: La pelea de Mat\u00edas Vuoso en el inicio de 2016<\/a><\/strong><\/span><\/p>\n<p>&#8220;Se metieron con mi mujer, no fue todo lo que pusieron ni nada por el estilo, cada quien se qued\u00f3 en su lugar y ya; que pusieron que polic\u00edas, que fueron al hospital, todo es mentira, fue algo normal de un lugar de gente que estaba festejando el fin de a\u00f1o y no pas\u00f3 de ah\u00ed. Todo lo que me pasa a m\u00ed lo agrandan m\u00e1s, \u00e9se es el tema, por eso no me gusta hablar&#8221;, explic\u00f3 <strong>Mat\u00edas Vuoso<\/strong>.<\/p>\n<p style=\"text-align: center;\"><strong><span style=\"color: #3366ff;\"><a style=\"color: #3366ff;\" href=\"http:\/\/futboltotal.com.mx\/2015\/09\/los-10-futbolistas-mas-peleoneros-de-la-liga-mx-2\/\" target=\"_blank\">LEER M\u00c1S: Futbolistas m\u00e1s peleoneros de la Liga MX<\/a><\/span><\/strong><\/p>\n","protected":false},"excerpt":{"rendered":"<p>El delantero explic\u00f3 los altercados en el bar de Acapulco<\/p>\n","protected":false},"author":20,"featured_media":345804,"comment_status":"closed","ping_status":"closed","sticky":false,"template":"","format":"standard","meta":[],"categories":[5419,2198,3845,5418],"tags":[5962,331],"_links":{"self":[{"href":"http:\/\/desarrollo.grupomedios.com\/futbol\/wp-json\/wp\/v2\/posts\/345802"}],"collection":[{"href":"http:\/\/desarrollo.grupomedios.com\/futbol\/wp-json\/wp\/v2\/posts"}],"about":[{"href":"http:\/\/desarrollo.grupomedios.com\/futbol\/wp-json\/wp\/v2\/types\/post"}],"author":[{"embeddable":true,"href":"http:\/\/desarrollo.grupomedios.com\/futbol\/wp-json\/wp\/v2\/users\/20"}],"replies":[{"embeddable":true,"href":"http:\/\/desarrollo.grupomedios.com\/futbol\/wp-json\/wp\/v2\/comments?post=345802"}],"version-history":[{"count":0,"href":"http:\/\/desarrollo.grupomedios.com\/futbol\/wp-json\/wp\/v2\/posts\/345802\/revisions"}],"wp:featuredmedia":[{"embeddable":true,"href":"http:\/\/desarrollo.grupomedios.com\/futbol\/wp-json\/wp\/v2\/media\/345804"}],"wp:attachment":[{"href":"http:\/\/desarrollo.grupomedios.com\/futbol\/wp-json\/wp\/v2\/media?parent=345802"}],"wp:term":[{"taxonomy":"category","embeddable":true,"href":"http:\/\/desarrollo.grupomedios.com\/futbol\/wp-json\/wp\/v2\/categories?post=345802"},{"taxonomy":"post_tag","embeddable":true,"href":"http:\/\/desarrollo.grupomedios.com\/futbol\/wp-json\/wp\/v2\/tags?post=345802"}],"curies":[{"name":"wp","href":"https:\/\/api.w.org\/{rel}","templated":true}]}}