{"id":345823,"date":"2016-01-02T14:39:22","date_gmt":"2016-01-02T20:39:22","guid":{"rendered":"http:\/\/futboltotal.com.mx\/?p=345823"},"modified":"2016-01-02T14:39:22","modified_gmt":"2016-01-02T20:39:22","slug":"denuncian-actos-racistas-contra-neymar","status":"publish","type":"post","link":"http:\/\/desarrollo.grupomedios.com\/futbol\/futbol-internacional\/denuncian-actos-racistas-contra-neymar\/2016\/01","title":{"rendered":"Denuncian actos racistas contra Neymar"},"content":{"rendered":"<p>El conjunto del <strong>Barcelona<\/strong> no sali\u00f3 nada contento en su visita al Espanyol de Barcelona, ya que, adem\u00e1s de haber empatado 0-0 en el derbi, ha trascendido que el delantero brasile\u00f1o <strong>Neymar<\/strong>, fue objeto de insultos racistas por parte de la afici\u00f3n rival.<\/p>\n<p>Sin especificar en qu\u00e9 tono se expresaron los aficionados de los <em>Periquitos<\/em> en el estadio Cornell\u00e0-El Prat, el ex candidato a la presidencia del <strong>Barcelona<\/strong>, Toni Freixa dejo entrever en su cuenta oficial de <em>Twitter<\/em>, que hubo expresiones racistas hacia el internacional con Brasil, por lo que espera que dicha situaci\u00f3n se vea reflejada en la c\u00e9dula arbitral.<\/p>\n<blockquote class=\"twitter-tweet\" width=\"500\">\n<p lang=\"und\" dir=\"ltr\">Espero que els crits racistes a Neymar es reflecteixin a l&#39;acta arbitral<\/p>\n<p>&mdash; Toni Freixa (@tonifreixa) <a href=\"https:\/\/twitter.com\/tonifreixa\/status\/683305532917153792\">January 2, 2016<\/a><\/p><\/blockquote>\n<p><script async src=\"\/\/platform.twitter.com\/widgets.js\" charset=\"utf-8\"><\/script><\/p>\n<p style=\"text-align: center;\"><strong><span style=\"color: #3366ff;\"><a style=\"color: #3366ff;\" href=\"http:\/\/futboltotal.com.mx\/2015\/12\/el-barcelona-se-llevo-lo-que-quiso-de-este-2015\/\">LEER M\u00c1S:\u00a0Barcelona, el mejor equipo del 2015<\/a><\/span><\/strong><\/p>\n<p>\u201cEspero que los gritos racistas a <strong>Neymar<\/strong> sean reflejados en el acta arbitral\u201d, es lo que expresa Freixa en sus redes sociales.<\/p>\n<p>El empate sin goles en el derbi catal\u00e1n podr\u00eda mandar hasta el tercer puesto al conjunto de Luis Enrique; todo depende de los resultados en los encuentros que sostendr\u00e1n el Real Madrid, con 36 puntos, \u00a0y el Atl\u00e9tico de Madrid, con 38.<\/p>\n","protected":false},"excerpt":{"rendered":"<p>El suceso se dio en el encuentro ante el Espanyol<\/p>\n","protected":false},"author":20,"featured_media":345824,"comment_status":"closed","ping_status":"closed","sticky":false,"template":"","format":"standard","meta":[],"categories":[3839,5951],"tags":[5984,67,6001,1403],"_links":{"self":[{"href":"http:\/\/desarrollo.grupomedios.com\/futbol\/wp-json\/wp\/v2\/posts\/345823"}],"collection":[{"href":"http:\/\/desarrollo.grupomedios.com\/futbol\/wp-json\/wp\/v2\/posts"}],"about":[{"href":"http:\/\/desarrollo.grupomedios.com\/futbol\/wp-json\/wp\/v2\/types\/post"}],"author":[{"embeddable":true,"href":"http:\/\/desarrollo.grupomedios.com\/futbol\/wp-json\/wp\/v2\/users\/20"}],"replies":[{"embeddable":true,"href":"http:\/\/desarrollo.grupomedios.com\/futbol\/wp-json\/wp\/v2\/comments?post=345823"}],"version-history":[{"count":0,"href":"http:\/\/desarrollo.grupomedios.com\/futbol\/wp-json\/wp\/v2\/posts\/345823\/revisions"}],"wp:featuredmedia":[{"embeddable":true,"href":"http:\/\/desarrollo.grupomedios.com\/futbol\/wp-json\/wp\/v2\/media\/345824"}],"wp:attachment":[{"href":"http:\/\/desarrollo.grupomedios.com\/futbol\/wp-json\/wp\/v2\/media?parent=345823"}],"wp:term":[{"taxonomy":"category","embeddable":true,"href":"http:\/\/desarrollo.grupomedios.com\/futbol\/wp-json\/wp\/v2\/categories?post=345823"},{"taxonomy":"post_tag","embeddable":true,"href":"http:\/\/desarrollo.grupomedios.com\/futbol\/wp-json\/wp\/v2\/tags?post=345823"}],"curies":[{"name":"wp","href":"https:\/\/api.w.org\/{rel}","templated":true}]}}