{"id":345843,"date":"2016-01-02T15:41:41","date_gmt":"2016-01-02T21:41:41","guid":{"rendered":"http:\/\/futboltotal.com.mx\/?p=345843"},"modified":"2016-01-02T15:41:41","modified_gmt":"2016-01-02T21:41:41","slug":"steven-gerrard-regresaria-al-liverpool","status":"publish","type":"post","link":"http:\/\/desarrollo.grupomedios.com\/futbol\/futbol-internacional\/steven-gerrard-regresaria-al-liverpool\/2016\/01","title":{"rendered":"Steven Gerrard regresar\u00eda al Liverpool"},"content":{"rendered":"<p>A pesar de haber salido del club de sus amores, la relaci\u00f3n que existe entre <strong>Steven Gerrard<\/strong> y el <strong>Liverpool<\/strong> a\u00fan no ha terminado, por el contrario, el futuro se ve promisorio para el mediocampista ingl\u00e9s, quien podr\u00eda regresar al conjunto de los <em>Reds<\/em>, pero ahora como entrenador.<\/p>\n<p>En declaraciones vertidas a medios brit\u00e1nicos, Gerrard ha dejado en claro que tiene las puertas abiertas en el Liverpool y que espera poder volver al equipo, pero ahora en una faceta de entrenador, aunque dicha situaci\u00f3n no se le ha solicitado.<\/p>\n<p>&#8220;No he tenido una oferta (para ser entrenador), pero el club me dej\u00f3 saber que est\u00e1n entusiasmados en que regrese&#8221;.<\/p>\n<p style=\"text-align: center;\"><a href=\"http:\/\/futboltotal.com.mx\/futbol-internacional\/\">LEER M\u00c1S: Toda la informaci\u00f3n del futbol internacional<\/a><\/p>\n<p>De igual forma dej\u00f3 entrever que la pr\u00f3xima campa\u00f1a dentro del conjunto de LA Galaxy podr\u00eda ser la \u00faltima del ex capit\u00e1n como jugador, por lo que su sue\u00f1o de volver a Anfield Road podr\u00eda concretarse en un futuro\u00a0no muy lejano.<\/p>\n<p><strong>Steven Gerrard<\/strong>, quien aprovech\u00f3 el receso de la MLS, para entrenar con los <em>Reds<\/em>, se encuentra en el tercer lugar hist\u00f3rico de los jugadores con m\u00e1s partidos dentro del <strong>Liverpool<\/strong>, con 708 encuentros, adem\u00e1s del quinto lugar dentro de la tabla de goleadores, con 186 r\u00fabricas.<\/p>\n","protected":false},"excerpt":{"rendered":"<p>Dentro de poco tiempo, Gerard ser\u00eda entrenador de los Reds<\/p>\n","protected":false},"author":20,"featured_media":345850,"comment_status":"closed","ping_status":"closed","sticky":false,"template":"","format":"standard","meta":[],"categories":[3839,5951],"tags":[5989,2692,560],"_links":{"self":[{"href":"http:\/\/desarrollo.grupomedios.com\/futbol\/wp-json\/wp\/v2\/posts\/345843"}],"collection":[{"href":"http:\/\/desarrollo.grupomedios.com\/futbol\/wp-json\/wp\/v2\/posts"}],"about":[{"href":"http:\/\/desarrollo.grupomedios.com\/futbol\/wp-json\/wp\/v2\/types\/post"}],"author":[{"embeddable":true,"href":"http:\/\/desarrollo.grupomedios.com\/futbol\/wp-json\/wp\/v2\/users\/20"}],"replies":[{"embeddable":true,"href":"http:\/\/desarrollo.grupomedios.com\/futbol\/wp-json\/wp\/v2\/comments?post=345843"}],"version-history":[{"count":0,"href":"http:\/\/desarrollo.grupomedios.com\/futbol\/wp-json\/wp\/v2\/posts\/345843\/revisions"}],"wp:featuredmedia":[{"embeddable":true,"href":"http:\/\/desarrollo.grupomedios.com\/futbol\/wp-json\/wp\/v2\/media\/345850"}],"wp:attachment":[{"href":"http:\/\/desarrollo.grupomedios.com\/futbol\/wp-json\/wp\/v2\/media?parent=345843"}],"wp:term":[{"taxonomy":"category","embeddable":true,"href":"http:\/\/desarrollo.grupomedios.com\/futbol\/wp-json\/wp\/v2\/categories?post=345843"},{"taxonomy":"post_tag","embeddable":true,"href":"http:\/\/desarrollo.grupomedios.com\/futbol\/wp-json\/wp\/v2\/tags?post=345843"}],"curies":[{"name":"wp","href":"https:\/\/api.w.org\/{rel}","templated":true}]}}