{"id":345881,"date":"2016-01-02T17:40:26","date_gmt":"2016-01-02T23:40:26","guid":{"rendered":"http:\/\/futboltotal.com.mx\/?p=345881"},"modified":"2016-01-02T17:45:05","modified_gmt":"2016-01-02T23:45:05","slug":"maxi-moralez-el-futbolista-que-prefirio-a-la-liga-mx-sobre-la-serie-a","status":"publish","type":"post","link":"http:\/\/desarrollo.grupomedios.com\/futbol\/destacado-home\/maxi-moralez-el-futbolista-que-prefirio-a-la-liga-mx-sobre-la-serie-a\/2016\/01","title":{"rendered":"El futbolista que prefiri\u00f3 Liga MX sobre Serie A"},"content":{"rendered":"<p>La <strong>Liga MX<\/strong> se convierte de a poco en una referente entre las competiciones mundiales, al menos en las \u00faltimas \u00e9pocas. Fichajes como el de Ronaldinho y Andr\u00e9-Pierre Gignac han impulsado su importancia a niveles insospechados, tanto, que cada vez es m\u00e1s com\u00fan el acercamiento de futbolistas con gran historial en el <em>Viejo Continente<\/em> para probar sus virtudes en el balompi\u00e9 azteca.<\/p>\n<p>El \u00faltimo en unirse a esta lista, <strong>Maxi Moralez<\/strong>, <span style=\"color: #3366ff;\"><a style=\"color: #3366ff;\" href=\"http:\/\/futboltotal.com.mx\/2015\/12\/oficial-maxi-moralez-llega-al-leon\/\">flamante refuerzo del Le\u00f3n<\/a><\/span>, que revel\u00f3 sus razones para decantarse por un fichaje con la entidad comandada por Juan Antonio Pizzi. Contrario a lo que pudiera pensarse, el argentino era indiscutible para el Atalanta, aunque el decidi\u00f3 cambiar de aires y espera brillar en esta nueva etapa para su trayectoria.<\/p>\n<p>&#8220;Pes\u00f3 mucho la decisi\u00f3n final m\u00eda, yo ya hab\u00eda aceptado la oferta que me hab\u00eda hecho el Club Le\u00f3n y s\u00f3lo faltaba acuerdo entre clubes, y por parte del Atalanta no era la idea dejarme ir porque, por suerte, estaba jugando en la mayor cantidad de partidos. Por ese lado no quer\u00edan y luego tienen su sistema econ\u00f3mico, ah\u00ed no me met\u00ed, pero por estar tantos a\u00f1os en el club obviamente quer\u00edan que les entrara algo de plata porque me quedaba a\u00f1o y medio de contrato&#8221;, revel\u00f3 a <em>ESPN<\/em>. &#8220;Adem\u00e1s el Le\u00f3n tambi\u00e9n ofreci\u00f3 tres a\u00f1os con opci\u00f3n a cuatro y eso tambi\u00e9n pes\u00f3, creo que fue un poco de todo, tambi\u00e9n por eso decid\u00ed que me dejaran ir\u201d, complet\u00f3 el talentoso centrocampista.<\/p>\n<p style=\"text-align: center;\"><a href=\"http:\/\/futboltotal.com.mx\/wp-content\/uploads\/2016\/01\/Maxi-Moralez.jpg\"><img decoding=\"async\" loading=\"lazy\" class=\"alignnone size-full wp-image-345887\" src=\"http:\/\/futboltotal.com.mx\/wp-content\/uploads\/2016\/01\/Maxi-Moralez.jpg\" alt=\"Maxi Moralez\" srcset=\"http:\/\/desarrollo.grupomedios.com\/futbol\/wp-content\/uploads\/2016\/01\/Maxi-Moralez.jpg 960w, http:\/\/desarrollo.grupomedios.com\/futbol\/wp-content\/uploads\/2016\/01\/Maxi-Moralez-300x205.jpg 300w\" sizes=\"(max-width: 960px) 100vw, 960px\" \/><\/a><\/p>\n<p>La ilusi\u00f3n de Maxi Moralez en esta etapa es pelear el t\u00edtulo de la <strong>Liga MX<\/strong>, algo complicado de realizar en Italia, sobre todo, por la hegemon\u00eda de la Juventus que busca su quinto Scudetto en fila. El factor econ\u00f3mico tambi\u00e9n represent\u00f3 un gran aliciente para finiquitar el arreglo.<\/p>\n<p>\u201cObviamente que uno siempre desea estar en Europa. Yo tuve ese privilegio de estar cuatro a\u00f1os y medio jugando siempre y siempre me iba al m\u00e1ximo nivel, dej\u00f3 estas cosas para ir a otro campeonato a probar suerte. Es empezar de cero y es un desaf\u00edo que acepto y me gusta, tambi\u00e9n por eso decid\u00ed para cambiar un poco de aires y tratar de pelear cosas importantes\u201d.<\/p>\n<p>\u201cEl Club Le\u00f3n me ofreci\u00f3 tres a\u00f1os de contrato con un cuarto para renovar, adem\u00e1s les gusta pelear cosas importantes y yo tuve la oportunidad de jugar ac\u00e1 (Italia) pero siempre fue para tratar de no descender, adem\u00e1s uno personalmente siempre tiene metas y las m\u00edas son las de pelear cosas y c\u00f3mo sabemos en lo econ\u00f3mico tambi\u00e9n influye. Fue un combo, tres cosas por las que decid\u00ed cambiar\u201d, confes\u00f3.<\/p>\n<p><span style=\"color: #ff0000;\"><strong>As\u00ed juega Maxi Moralez, flamante refuerzo para la Liga MX: <\/strong><\/span><\/p>\n<p><iframe loading=\"lazy\" src=\"https:\/\/www.youtube.com\/embed\/95wyeamRwEw\" frameborder=\"0\" allowfullscreen=\"allowfullscreen\"><\/iframe><\/p>\n<p style=\"text-align: center;\"><span style=\"color: #3366ff;\"><a style=\"color: #3366ff;\" href=\"http:\/\/futboltotal.com.mx\/2015\/12\/oficial-maxi-moralez-llega-al-leon\/\">LEER M\u00c1S: Maxi Moralez, el reemplazo del Gullit Pe\u00f1a en Le\u00f3n.<\/a><\/span><\/p>\n","protected":false},"excerpt":{"rendered":"<p>Tras casi un lustro en Europa, el Frasquito busca ser campe\u00f3n con la Fiera <\/p>\n","protected":false},"author":20,"featured_media":345888,"comment_status":"closed","ping_status":"closed","sticky":false,"template":"","format":"standard","meta":[],"categories":[5,2198,3845],"tags":[5965,64,6640],"_links":{"self":[{"href":"http:\/\/desarrollo.grupomedios.com\/futbol\/wp-json\/wp\/v2\/posts\/345881"}],"collection":[{"href":"http:\/\/desarrollo.grupomedios.com\/futbol\/wp-json\/wp\/v2\/posts"}],"about":[{"href":"http:\/\/desarrollo.grupomedios.com\/futbol\/wp-json\/wp\/v2\/types\/post"}],"author":[{"embeddable":true,"href":"http:\/\/desarrollo.grupomedios.com\/futbol\/wp-json\/wp\/v2\/users\/20"}],"replies":[{"embeddable":true,"href":"http:\/\/desarrollo.grupomedios.com\/futbol\/wp-json\/wp\/v2\/comments?post=345881"}],"version-history":[{"count":0,"href":"http:\/\/desarrollo.grupomedios.com\/futbol\/wp-json\/wp\/v2\/posts\/345881\/revisions"}],"wp:featuredmedia":[{"embeddable":true,"href":"http:\/\/desarrollo.grupomedios.com\/futbol\/wp-json\/wp\/v2\/media\/345888"}],"wp:attachment":[{"href":"http:\/\/desarrollo.grupomedios.com\/futbol\/wp-json\/wp\/v2\/media?parent=345881"}],"wp:term":[{"taxonomy":"category","embeddable":true,"href":"http:\/\/desarrollo.grupomedios.com\/futbol\/wp-json\/wp\/v2\/categories?post=345881"},{"taxonomy":"post_tag","embeddable":true,"href":"http:\/\/desarrollo.grupomedios.com\/futbol\/wp-json\/wp\/v2\/tags?post=345881"}],"curies":[{"name":"wp","href":"https:\/\/api.w.org\/{rel}","templated":true}]}}