{"id":345892,"date":"2016-01-02T18:00:16","date_gmt":"2016-01-03T00:00:16","guid":{"rendered":"http:\/\/futboltotal.com.mx\/?p=345892"},"modified":"2016-01-02T18:00:16","modified_gmt":"2016-01-03T00:00:16","slug":"espanyol-se-mofa-la-igualada-ante-barcelona-twitter","status":"publish","type":"post","link":"http:\/\/desarrollo.grupomedios.com\/futbol\/futbol-internacional\/espanyol-se-mofa-la-igualada-ante-barcelona-twitter\/2016\/01","title":{"rendered":"Espanyol se mofa de la igualada ante Barcelona por Twitter"},"content":{"rendered":"<p>En el primer duelo del a\u00f1o en la Liga Espa\u00f1ola hubo sorpresa. El l\u00edder,\u00a0<strong>Barcelona,<\/strong> visit\u00f3 al Espanyol en un duelo que parec\u00eda sencillo para continuar con su dominio, pero que sin embargo, <a href=\"http:\/\/futboltotal.com.mx\/2016\/01\/atletico-de-madrid-se-trepa-a-la-punta-gracias-a-thomas\/\"><span style=\"color: #3366ff;\"><strong>result\u00f3 una pausa mortal para mantenerse en la cima<\/strong><\/span><\/a><span style=\"color: #3366ff;\"><strong>.<\/strong><\/span><\/p>\n<p>El <strong>Barcelona<\/strong> no pas\u00f3 del empate sin goles pese a contar con su ataque de lujo: Messi, Su\u00e1rez y Neymar, en gran medida por la excelsa presi\u00f3n defensiva del Espanyol, privilegiada por la tenues marcaciones del silbante, que permiti\u00f3 las constantes faltas del equipo anfitri\u00f3n. Con el resultado final, los Periquitos celebraron en grande por el partido efectuado y su emoci\u00f3n lleg\u00f3 hasta el twitter, donde se mofaron de su rival citadino.<\/p>\n<p>La cuenta oficial en Twitter del Espanyol public\u00f3: &#8220;Estamos muy jodidos. \u00a1Hemos perdido dos puntos en casa!&#8221;, acompa\u00f1ados de una serie de emojis alegres y con el hashtag #nuncaloentendereis.<\/p>\n<blockquote class=\"twitter-tweet\" lang=\"es\">\n<p dir=\"ltr\" lang=\"es\">Estamos muy jodidos\u2026 \u00a1Hemos perdido dos puntos en casa! ????? <a href=\"https:\/\/twitter.com\/hashtag\/nuncaloentendereis?src=hash\">#nuncaloentendereis<\/a> <a href=\"https:\/\/twitter.com\/hashtag\/RCDE?src=hash\">#RCDE<\/a> <a href=\"https:\/\/t.co\/IEoV176Ti4\">pic.twitter.com\/IEoV176Ti4<\/a><\/p>\n<p>\u2014 RCD ESPANYOL OFICIAL (@RCDEspanyol) <a href=\"https:\/\/twitter.com\/RCDEspanyol\/status\/683353944249266176\">enero 2, 2016<\/a><\/p><\/blockquote>\n<p><script src=\"\/\/platform.twitter.com\/widgets.js\" async=\"\" charset=\"utf-8\"><\/script><\/p>\n<p>Entre semana se volver\u00e1n a ver las caras ambos equipos, con motivo de un duelo v\u00e1lido por la Copa del Rey y donde se espera que los \u00e1nimos est\u00e9n m\u00e1s encendidos luego de la batalla ardua de 90 minutos y la consecuente burla post-partido.<\/p>\n<p style=\"text-align: center;\"><strong><span style=\"color: #3366ff;\"><a style=\"color: #3366ff;\" href=\"http:\/\/futboltotal.com.mx\/2016\/01\/atletico-de-madrid-se-trepa-a-la-punta-gracias-a-thomas\/\">LEER M\u00c1S: Barcelona desperdicia oportunidad de oro ante Espanyol.<\/a> <\/span><\/strong><\/p>\n","protected":false},"excerpt":{"rendered":"<p>El derbi culmin\u00f3 de una forma peculiar con tendencia en redes sociales <\/p>\n","protected":false},"author":20,"featured_media":345896,"comment_status":"closed","ping_status":"closed","sticky":false,"template":"","format":"standard","meta":[],"categories":[5419,3839,3844],"tags":[5984,67,2321,584],"_links":{"self":[{"href":"http:\/\/desarrollo.grupomedios.com\/futbol\/wp-json\/wp\/v2\/posts\/345892"}],"collection":[{"href":"http:\/\/desarrollo.grupomedios.com\/futbol\/wp-json\/wp\/v2\/posts"}],"about":[{"href":"http:\/\/desarrollo.grupomedios.com\/futbol\/wp-json\/wp\/v2\/types\/post"}],"author":[{"embeddable":true,"href":"http:\/\/desarrollo.grupomedios.com\/futbol\/wp-json\/wp\/v2\/users\/20"}],"replies":[{"embeddable":true,"href":"http:\/\/desarrollo.grupomedios.com\/futbol\/wp-json\/wp\/v2\/comments?post=345892"}],"version-history":[{"count":0,"href":"http:\/\/desarrollo.grupomedios.com\/futbol\/wp-json\/wp\/v2\/posts\/345892\/revisions"}],"wp:featuredmedia":[{"embeddable":true,"href":"http:\/\/desarrollo.grupomedios.com\/futbol\/wp-json\/wp\/v2\/media\/345896"}],"wp:attachment":[{"href":"http:\/\/desarrollo.grupomedios.com\/futbol\/wp-json\/wp\/v2\/media?parent=345892"}],"wp:term":[{"taxonomy":"category","embeddable":true,"href":"http:\/\/desarrollo.grupomedios.com\/futbol\/wp-json\/wp\/v2\/categories?post=345892"},{"taxonomy":"post_tag","embeddable":true,"href":"http:\/\/desarrollo.grupomedios.com\/futbol\/wp-json\/wp\/v2\/tags?post=345892"}],"curies":[{"name":"wp","href":"https:\/\/api.w.org\/{rel}","templated":true}]}}