{"id":345899,"date":"2016-01-02T18:35:49","date_gmt":"2016-01-03T00:35:49","guid":{"rendered":"http:\/\/futboltotal.com.mx\/?p=345899"},"modified":"2016-01-02T18:36:53","modified_gmt":"2016-01-03T00:36:53","slug":"cristiano-se-burla-de-james-rodriguez-en-practica-del-real-madrid","status":"publish","type":"post","link":"http:\/\/desarrollo.grupomedios.com\/futbol\/videos\/cristiano-se-burla-de-james-rodriguez-en-practica-del-real-madrid\/2016\/01","title":{"rendered":"James Rodr\u00edguez sufre bullying de Cristiano"},"content":{"rendered":"<p>Para <strong>James Rodr\u00edguez<\/strong> el 2016 empez\u00f3 con muchos ojos posados sobre \u00e9l. No por su versi\u00f3n futbol\u00edstica, sino por su manera de iniciar <strong><span style=\"color: #3366ff;\"><a style=\"color: #3366ff;\" href=\"http:\/\/futboltotal.com.mx\/2016\/01\/james-rodriguez-inicia-el-2016-a-exceso-de-velocidad\/\">un nuevo ciclo a exceso de velocidad<\/a>,<\/span> <\/strong>situaci\u00f3n que podr\u00eda dejarlo sin su licencia de conducir y con una fuerte multa econ\u00f3mica por saldar.<\/p>\n<p>Este s\u00e1bado, en la pr\u00e1ctica del Real Madrid, la situaci\u00f3n fue abordada de nueva cuenta, ahora con humor. En el rondo de los futbolistas merengues, Cristiano Ronaldo no desaprovech\u00f3 la oportunidad y se mof\u00f3 de su amigo <strong>James Rodr\u00edguez<\/strong>, simulando estar al volante. La broma desat\u00f3 carcajadas en el grupo y el 10 colombiano lo tom\u00f3 de la mejor forma.<\/p>\n<p><iframe loading=\"lazy\" src=\"https:\/\/www.youtube.com\/embed\/0SepGfulwcw\" frameborder=\"0\" allowfullscreen=\"allowfullscreen\"><\/iframe><\/p>\n<p style=\"text-align: center;\"><span style=\"color: #3366ff;\"><strong><a style=\"color: #3366ff;\" href=\"http:\/\/futboltotal.com.mx\/2016\/01\/leroy-sane-la-joya-alemana-que-desea-real-madrid\/\">LEER M\u00c1S: Leroy San\u00e9, la joya alemana que desea Real Madrid.<\/a><\/strong><\/span><\/p>\n","protected":false},"excerpt":{"rendered":"<p>Tras el incidente del colombiano con la polic\u00eda, las mofas no faltaron <\/p>\n","protected":false},"author":20,"featured_media":345915,"comment_status":"closed","ping_status":"closed","sticky":false,"template":"","format":"standard","meta":[],"categories":[3844,4],"tags":[6013,6082,5988],"_links":{"self":[{"href":"http:\/\/desarrollo.grupomedios.com\/futbol\/wp-json\/wp\/v2\/posts\/345899"}],"collection":[{"href":"http:\/\/desarrollo.grupomedios.com\/futbol\/wp-json\/wp\/v2\/posts"}],"about":[{"href":"http:\/\/desarrollo.grupomedios.com\/futbol\/wp-json\/wp\/v2\/types\/post"}],"author":[{"embeddable":true,"href":"http:\/\/desarrollo.grupomedios.com\/futbol\/wp-json\/wp\/v2\/users\/20"}],"replies":[{"embeddable":true,"href":"http:\/\/desarrollo.grupomedios.com\/futbol\/wp-json\/wp\/v2\/comments?post=345899"}],"version-history":[{"count":0,"href":"http:\/\/desarrollo.grupomedios.com\/futbol\/wp-json\/wp\/v2\/posts\/345899\/revisions"}],"wp:featuredmedia":[{"embeddable":true,"href":"http:\/\/desarrollo.grupomedios.com\/futbol\/wp-json\/wp\/v2\/media\/345915"}],"wp:attachment":[{"href":"http:\/\/desarrollo.grupomedios.com\/futbol\/wp-json\/wp\/v2\/media?parent=345899"}],"wp:term":[{"taxonomy":"category","embeddable":true,"href":"http:\/\/desarrollo.grupomedios.com\/futbol\/wp-json\/wp\/v2\/categories?post=345899"},{"taxonomy":"post_tag","embeddable":true,"href":"http:\/\/desarrollo.grupomedios.com\/futbol\/wp-json\/wp\/v2\/tags?post=345899"}],"curies":[{"name":"wp","href":"https:\/\/api.w.org\/{rel}","templated":true}]}}